{"id":66603,"date":"2025-05-01T09:52:08","date_gmt":"2025-05-01T09:52:08","guid":{"rendered":"https:\/\/www.europesays.com\/fr\/66603\/"},"modified":"2025-05-01T09:52:08","modified_gmt":"2025-05-01T09:52:08","slug":"un-homme-poignarde-au-thorax-se-presente-au-commissariat-de-felix-pyat","status":"publish","type":"post","link":"https:\/\/www.europesays.com\/fr\/66603\/","title":{"rendered":"Un homme poignard\u00e9 au thorax se pr\u00e9sente au commissariat de F\u00e9lix-Pyat"},"content":{"rendered":"<p>Dr\u00f4le de nuit pour les policiers de permanence au commissariat du 3e arrondissement de <a href=\"https:\/\/www.laprovence.com\/ville\/marseille\" target=\"_blank\" rel=\"noopener\">Marseille<\/a> \u00e0 F\u00e9lix-Pyat ce mercredi 30 avril. Vers 23 h 40, un jeune homme de 25 ans s&rsquo;y est pr\u00e9sent\u00e9, bless\u00e9 \u00e0 l&rsquo;arme blanche \u00e0 trois reprises au niveau du thorax et du flanc.<\/p>\n<p>La victime, qui ne parlait pas fran\u00e7ais, n&rsquo;a pas pu d\u00e9cliner son identit\u00e9 ni expliquer dans quel contexte elle avait \u00e9t\u00e9 poignard\u00e9e. Le jeune homme a \u00e9t\u00e9 pris en charge par les marins-pompiers, qui l&rsquo;ont transport\u00e9 m\u00e9dicalis\u00e9 vers l&rsquo;h\u00f4pital, sans pronostic vital engag\u00e9.<\/p>\n<p>Le commissariat de F\u00e9lix-Pyat cibl\u00e9 au printemps 2024<\/p>\n<p>Malgr\u00e9 sa position centrale dans la ville, le tr\u00e8s populaire 3e arrondissement de Marseille et notamment <a href=\"https:\/\/www.laprovence.com\/article\/faits-divers-justice\/76964229395761\/marseille-3-policiers-blesses-lors-de-l-interpellation-d-un-dealer\" target=\"_blank\" rel=\"noopener\">le voisinage de la sensible cit\u00e9 F\u00e9lix-Pyat,<\/a> sont r\u00e9guli\u00e8rement le th\u00e9\u00e2tre de faits de d\u00e9linquance.<\/p>\n","protected":false},"excerpt":{"rendered":"Dr\u00f4le de nuit pour les policiers de permanence au commissariat du 3e arrondissement de Marseille \u00e0 F\u00e9lix-Pyat ce&hellip;\n","protected":false},"author":2,"featured_media":66604,"comment_status":"","ping_status":"","sticky":false,"template":"","format":"standard","meta":{"footnotes":""},"categories":[2814],"tags":[17,1111,11,14367,1777,674,274,16700,1011,27,4933,884,12,13659,3285,882,25,16699],"class_list":{"0":"post-66603","1":"post","2":"type-post","3":"status-publish","4":"format-standard","5":"has-post-thumbnail","7":"category-marseille","8":"tag-17","9":"tag-actu","10":"tag-actualites","11":"tag-commissariat","12":"tag-eu","13":"tag-europe","14":"tag-faits-divers-justice","15":"tag-felix-pyat","16":"tag-fr","17":"tag-france","18":"tag-homme","19":"tag-marseille","20":"tag-news","21":"tag-poignarde","22":"tag-presente","23":"tag-provence-alpes-cote-dazur","24":"tag-republique-francaise","25":"tag-thorax"},"share_on_mastodon":{"url":"https:\/\/pubeurope.com\/@fr\/114431966805427108","error":""},"_links":{"self":[{"href":"https:\/\/www.europesays.com\/fr\/wp-json\/wp\/v2\/posts\/66603","targetHints":{"allow":["GET"]}}],"collection":[{"href":"https:\/\/www.europesays.com\/fr\/wp-json\/wp\/v2\/posts"}],"about":[{"href":"https:\/\/www.europesays.com\/fr\/wp-json\/wp\/v2\/types\/post"}],"author":[{"embeddable":true,"href":"https:\/\/www.europesays.com\/fr\/wp-json\/wp\/v2\/users\/2"}],"replies":[{"embeddable":true,"href":"https:\/\/www.europesays.com\/fr\/wp-json\/wp\/v2\/comments?post=66603"}],"version-history":[{"count":0,"href":"https:\/\/www.europesays.com\/fr\/wp-json\/wp\/v2\/posts\/66603\/revisions"}],"wp:featuredmedia":[{"embeddable":true,"href":"https:\/\/www.europesays.com\/fr\/wp-json\/wp\/v2\/media\/66604"}],"wp:attachment":[{"href":"https:\/\/www.europesays.com\/fr\/wp-json\/wp\/v2\/media?parent=66603"}],"wp:term":[{"taxonomy":"category","embeddable":true,"href":"https:\/\/www.europesays.com\/fr\/wp-json\/wp\/v2\/categories?post=66603"},{"taxonomy":"post_tag","embeddable":true,"href":"https:\/\/www.europesays.com\/fr\/wp-json\/wp\/v2\/tags?post=66603"}],"curies":[{"name":"wp","href":"https:\/\/api.w.org\/{rel}","templated":true}]}}