{"id":666037,"date":"2026-01-15T19:33:12","date_gmt":"2026-01-15T19:33:12","guid":{"rendered":"https:\/\/www.europesays.com\/fr\/666037\/"},"modified":"2026-01-15T19:33:12","modified_gmt":"2026-01-15T19:33:12","slug":"strasbourg-premiere-visite-de-la-laiterie-renovee-a-loccasion-des-voeux-de-la-maire-de-strasbourg","status":"publish","type":"post","link":"https:\/\/www.europesays.com\/fr\/666037\/","title":{"rendered":"Strasbourg. Premi\u00e8re visite de la Laiterie r\u00e9nov\u00e9e, \u00e0 l\u2019occasion des v\u0153ux de la maire de Strasbourg"},"content":{"rendered":"<p>Bardage en mailles m\u00e9talliques et inox brillant, la nouvelle peau de la Laiterie, salle de concerts de Strasbourg (b\u00e2timent propri\u00e9t\u00e9 de la Ville) conjugue aussi le b\u00e9ton brut. En sa fa\u00e7ade de couleur noire, c\u2019est rock. L\u2019entr\u00e9e du b\u00e2timent r\u00e9nov\u00e9 se fait d\u00e9sormais par la rue du Ban de la Roche \u2013 non plus rue du Hohwald\u00a0\u2013, et \u00e0 deux pas du Molodo\u00ef.<\/p>\n<p>Toiture de la salle sur\u00e9lev\u00e9e, extension des locaux techniques<\/p>\n<p>Le chantier de r\u00e9novation, d\u2019un budget de 10 millions, a d\u00e9marr\u00e9 en juillet\u00a02024, conduit par l\u2019architecte Pierre Keiling. Il y&#8230;<\/p>\n","protected":false},"excerpt":{"rendered":"Bardage en mailles m\u00e9talliques et inox brillant, la nouvelle peau de la Laiterie, salle de concerts de Strasbourg&hellip;\n","protected":false},"author":2,"featured_media":666038,"comment_status":"","ping_status":"","sticky":false,"template":"","format":"standard","meta":{"footnotes":""},"categories":[2820],"tags":[1111,11,2389,1687,2880,1777,674,107,1011,27,775,873,12,25,3140,640,2879],"class_list":{"0":"post-666037","1":"post","2":"type-post","3":"status-publish","4":"format-standard","5":"has-post-thumbnail","7":"category-strasbourg","8":"tag-actu","9":"tag-actualites","10":"tag-alsace","11":"tag-culture-loisirs","12":"tag-edition-strasbourg","13":"tag-eu","14":"tag-europe","15":"tag-fil-info","16":"tag-fr","17":"tag-france","18":"tag-grand-est","19":"tag-musique","20":"tag-news","21":"tag-republique-francaise","22":"tag-spectacle","23":"tag-strasbourg","24":"tag-strasbourg-ville"},"share_on_mastodon":{"url":"https:\/\/pubeurope.com\/@fr\/115900789856652479","error":""},"_links":{"self":[{"href":"https:\/\/www.europesays.com\/fr\/wp-json\/wp\/v2\/posts\/666037","targetHints":{"allow":["GET"]}}],"collection":[{"href":"https:\/\/www.europesays.com\/fr\/wp-json\/wp\/v2\/posts"}],"about":[{"href":"https:\/\/www.europesays.com\/fr\/wp-json\/wp\/v2\/types\/post"}],"author":[{"embeddable":true,"href":"https:\/\/www.europesays.com\/fr\/wp-json\/wp\/v2\/users\/2"}],"replies":[{"embeddable":true,"href":"https:\/\/www.europesays.com\/fr\/wp-json\/wp\/v2\/comments?post=666037"}],"version-history":[{"count":0,"href":"https:\/\/www.europesays.com\/fr\/wp-json\/wp\/v2\/posts\/666037\/revisions"}],"wp:featuredmedia":[{"embeddable":true,"href":"https:\/\/www.europesays.com\/fr\/wp-json\/wp\/v2\/media\/666038"}],"wp:attachment":[{"href":"https:\/\/www.europesays.com\/fr\/wp-json\/wp\/v2\/media?parent=666037"}],"wp:term":[{"taxonomy":"category","embeddable":true,"href":"https:\/\/www.europesays.com\/fr\/wp-json\/wp\/v2\/categories?post=666037"},{"taxonomy":"post_tag","embeddable":true,"href":"https:\/\/www.europesays.com\/fr\/wp-json\/wp\/v2\/tags?post=666037"}],"curies":[{"name":"wp","href":"https:\/\/api.w.org\/{rel}","templated":true}]}}