{"id":666039,"date":"2026-01-15T19:34:11","date_gmt":"2026-01-15T19:34:11","guid":{"rendered":"https:\/\/www.europesays.com\/fr\/666039\/"},"modified":"2026-01-15T19:34:11","modified_gmt":"2026-01-15T19:34:11","slug":"dialogue-en-trio-autour-de-jean-sebastien-bach-avec-lensemble-le-masque","status":"publish","type":"post","link":"https:\/\/www.europesays.com\/fr\/666039\/","title":{"rendered":"dialogue en trio autour de Jean-S\u00e9bastien Bach, avec l\u2019ensemble Le Masque"},"content":{"rendered":"<p>Alors que le r\u00e9pertoire fran\u00e7ais et italien occupe habituellement la premi\u00e8re place dans les productions du Masque, l\u2019incursion dans le Saint-Empire du grand Jean-S\u00e9bastien r\u00e9jouira tous les amateurs de musique baroque. L\u2019ensemble se r\u00e9unit ainsi autour d\u2019un simple dessus constitu\u00e9 par les fl\u00fbtes de son directeur musical et une basse continue particuli\u00e8rement charnue, puisqu\u2019elle convoque de mani\u00e8re exceptionnelle l\u2019extraordinaire contrebasse.<\/p>\n<p>Pour servir cette partie, Thomas Kaufman, que les m\u00e9lomanes strasbourgeois connaissent bien, investit le plateau. L\u2019enthousiaste et exigeant soliste de son pupitre \u00e0 l\u2019Orchestre Philharmonique de Strasbourg est toujours avide de styles et arrangements originaux. Sa collaboration avec Hervieux pourrait offrir un bouquet sonore de haut niveau, que rel\u00e8vera la fid\u00e8le complice du Masque Eva Valtova au clavecin.<\/p>\n<p>Le trio interpr\u00e9tera quelques extraits de la Suite pour fl\u00fbte et orchestre du cantor dans une version arrang\u00e9e appel\u00e9e \u00e0 \u00eatre \u00ab\u00a0confidentielle\u00a0\u00bb. Il d\u00e9clinera toutes ses possibilit\u00e9s de formations, en proposant par exemple deux sonates pour fl\u00fbte et clavecin oblig\u00e9, mais aussi quelques \u00ab\u00a0surprises\u00a0\u00bb jou\u00e9es par le duo clavecin \u2013 contrebasse\u2026 Sans compter le petit pas de c\u00f4t\u00e9, habituel, dans le programme\u00a0: une suite pour fl\u00fbte et basse continue du Fran\u00e7ais Charles Dieupart, qui fut presque l\u2019exact contemporain de Bach.<\/p>\n<p class=\"note\">Le dimanche 18\u00a0janvier \u00e0 17\u00a0h, \u00e9glise du Temple Neuf de Strasbourg, place du Temple Neuf.<\/p>\n<p class=\"note\">Tarif plein 16\u00a0euros\/gratuit pour les moins de 16 ans.<\/p>\n<p class=\"note\">Renseignements au 06\u00a063\u00a081\u00a031\u00a031\/www.le-masque.com<\/p>\n","protected":false},"excerpt":{"rendered":"Alors que le r\u00e9pertoire fran\u00e7ais et italien occupe habituellement la premi\u00e8re place dans les productions du Masque, l\u2019incursion&hellip;\n","protected":false},"author":2,"featured_media":666040,"comment_status":"","ping_status":"","sticky":false,"template":"","format":"standard","meta":{"footnotes":""},"categories":[2820],"tags":[1111,11,2389,1687,2880,1777,674,107,1011,27,775,873,12,25,640,2879],"class_list":{"0":"post-666039","1":"post","2":"type-post","3":"status-publish","4":"format-standard","5":"has-post-thumbnail","7":"category-strasbourg","8":"tag-actu","9":"tag-actualites","10":"tag-alsace","11":"tag-culture-loisirs","12":"tag-edition-strasbourg","13":"tag-eu","14":"tag-europe","15":"tag-fil-info","16":"tag-fr","17":"tag-france","18":"tag-grand-est","19":"tag-musique","20":"tag-news","21":"tag-republique-francaise","22":"tag-strasbourg","23":"tag-strasbourg-ville"},"share_on_mastodon":{"url":"https:\/\/pubeurope.com\/@fr\/115900793774075586","error":""},"_links":{"self":[{"href":"https:\/\/www.europesays.com\/fr\/wp-json\/wp\/v2\/posts\/666039","targetHints":{"allow":["GET"]}}],"collection":[{"href":"https:\/\/www.europesays.com\/fr\/wp-json\/wp\/v2\/posts"}],"about":[{"href":"https:\/\/www.europesays.com\/fr\/wp-json\/wp\/v2\/types\/post"}],"author":[{"embeddable":true,"href":"https:\/\/www.europesays.com\/fr\/wp-json\/wp\/v2\/users\/2"}],"replies":[{"embeddable":true,"href":"https:\/\/www.europesays.com\/fr\/wp-json\/wp\/v2\/comments?post=666039"}],"version-history":[{"count":0,"href":"https:\/\/www.europesays.com\/fr\/wp-json\/wp\/v2\/posts\/666039\/revisions"}],"wp:featuredmedia":[{"embeddable":true,"href":"https:\/\/www.europesays.com\/fr\/wp-json\/wp\/v2\/media\/666040"}],"wp:attachment":[{"href":"https:\/\/www.europesays.com\/fr\/wp-json\/wp\/v2\/media?parent=666039"}],"wp:term":[{"taxonomy":"category","embeddable":true,"href":"https:\/\/www.europesays.com\/fr\/wp-json\/wp\/v2\/categories?post=666039"},{"taxonomy":"post_tag","embeddable":true,"href":"https:\/\/www.europesays.com\/fr\/wp-json\/wp\/v2\/tags?post=666039"}],"curies":[{"name":"wp","href":"https:\/\/api.w.org\/{rel}","templated":true}]}}