{"id":666045,"date":"2026-01-15T19:37:15","date_gmt":"2026-01-15T19:37:15","guid":{"rendered":"https:\/\/www.europesays.com\/fr\/666045\/"},"modified":"2026-01-15T19:37:15","modified_gmt":"2026-01-15T19:37:15","slug":"un-homme-heliporte-en-urgence-vers-nantes-angers-info","status":"publish","type":"post","link":"https:\/\/www.europesays.com\/fr\/666045\/","title":{"rendered":"un homme h\u00e9liport\u00e9 en urgence vers Nantes \u2013 Angers Info"},"content":{"rendered":"<p><img fetchpriority=\"high\" decoding=\"async\" width=\"1024\" height=\"680\" src=\"https:\/\/www.europesays.com\/fr\/wp-content\/uploads\/2026\/01\/MjAyMzExNDc4ZTk5NmZjZmZkYjM4NzNmYTRkMTFiYmJkMzllNzc-1024x680.jpg\" alt=\"\" class=\"wp-image-142328\"  \/>DR : Un accident entre une voiture et un poids lourd s\u2019est produit jeudi 15 janvier sur la d\u00e9partementale 10A \u00e0 Sainte-Radegonde-des-Noyers, faisant deux victimes, dont un automobiliste de 59 ans h\u00e9liport\u00e9 en urgence absolue vers le CHU de Nantes<\/p>\n<p><strong>Un accident de la circulation s\u2019est produit ce jeudi 15 janvier \u00e0 Sainte-Radegonde-des-Noyers, en Vend\u00e9e. Peu avant 14 heures, \u00e0 13 h 43 pr\u00e9cis\u00e9ment, une collision a impliqu\u00e9 un v\u00e9hicule l\u00e9ger et un poids lourd sur la route d\u00e9partementale 10A. Le choc a fait deux victimes.<\/strong><\/p>\n<p><strong>Un conducteur gravement bless\u00e9<\/strong><\/p>\n<p>Selon <a href=\"https:\/\/actu.fr\/pays-de-la-loire\/sainte-radegonde-des-noyers_85267\/un-conducteur-grievement-blesse-dans-un-choc-entre-un-vehicule-et-un-poids-lourd_63705333.html\" target=\"_blank\" rel=\"noopener\">Actu.fr,<\/a> le conducteur de la voiture, \u00e2g\u00e9 de 59 ans, a \u00e9t\u00e9 pris en charge par les secours dans un \u00e9tat jug\u00e9 critique. Selon le Service d\u00e9partemental d\u2019incendie et de secours, il a \u00e9t\u00e9 \u00ab d\u00e9sincarc\u00e9r\u00e9 et h\u00e9liport\u00e9 en urgence absolue vers le centre hospitalier universitaire de Nantes \u00bb. L\u2019homme a \u00e9t\u00e9 \u00e9vacu\u00e9 par h\u00e9licopt\u00e8re vers le Centre hospitalier universitaire de Nantes.<\/p>\n<p><strong>Le chauffeur du poids lourd indemne<\/strong><\/p>\n<p>Au volant du poids lourd se trouvait \u00e9galement un homme de 59 ans. Apr\u00e8s un examen m\u00e9dical r\u00e9alis\u00e9 sur place, il n\u2019a pas n\u00e9cessit\u00e9 d\u2019hospitalisation et a \u00e9t\u00e9 laiss\u00e9 sur les lieux de l\u2019accident.<\/p>\n<p><strong>Une mobilisation importante des secours<\/strong><\/p>\n<p>Dix-neuf sapeurs-pompiers ont \u00e9t\u00e9 mobilis\u00e9s pour cette intervention. Ils provenaient de plusieurs centres de secours, notamment Champagn\u00e9-les-Marais, Chaill\u00e9-les-Marais, Marans, Lu\u00e7on, Fontenay-le-Comte et La Roche-sur-Yon. L\u2019op\u00e9ration a \u00e9t\u00e9 coordonn\u00e9e par le Service d\u00e9partemental d\u2019incendie et de secours.<\/p>\n<p><strong>Une enqu\u00eate en cours<\/strong><\/p>\n<p>Les causes exactes de l\u2019accident survenu \u00e0 Sainte-Radegonde-des-Noyers n\u2019\u00e9taient pas connues ce jeudi apr\u00e8s-midi. Les circonstances de la collision font l\u2019objet d\u2019investigations.<\/p>\n","protected":false},"excerpt":{"rendered":"DR : Un accident entre une voiture et un poids lourd s\u2019est produit jeudi 15 janvier sur la&hellip;\n","protected":false},"author":2,"featured_media":666046,"comment_status":"","ping_status":"","sticky":false,"template":"","format":"standard","meta":{"footnotes":""},"categories":[2818],"tags":[1111,11,1777,674,1011,27,766,12,2636,1311,25,76645,2546],"class_list":{"0":"post-666045","1":"post","2":"type-post","3":"status-publish","4":"format-standard","5":"has-post-thumbnail","7":"category-nantes","8":"tag-actu","9":"tag-actualites","10":"tag-eu","11":"tag-europe","12":"tag-fr","13":"tag-france","14":"tag-nantes","15":"tag-news","16":"tag-pays-de-la-loire","17":"tag-pompiers","18":"tag-republique-francaise","19":"tag-sainte-radegonde-des-noyers","20":"tag-vendee"},"share_on_mastodon":{"url":"https:\/\/pubeurope.com\/@fr\/115900805613471880","error":""},"_links":{"self":[{"href":"https:\/\/www.europesays.com\/fr\/wp-json\/wp\/v2\/posts\/666045","targetHints":{"allow":["GET"]}}],"collection":[{"href":"https:\/\/www.europesays.com\/fr\/wp-json\/wp\/v2\/posts"}],"about":[{"href":"https:\/\/www.europesays.com\/fr\/wp-json\/wp\/v2\/types\/post"}],"author":[{"embeddable":true,"href":"https:\/\/www.europesays.com\/fr\/wp-json\/wp\/v2\/users\/2"}],"replies":[{"embeddable":true,"href":"https:\/\/www.europesays.com\/fr\/wp-json\/wp\/v2\/comments?post=666045"}],"version-history":[{"count":0,"href":"https:\/\/www.europesays.com\/fr\/wp-json\/wp\/v2\/posts\/666045\/revisions"}],"wp:featuredmedia":[{"embeddable":true,"href":"https:\/\/www.europesays.com\/fr\/wp-json\/wp\/v2\/media\/666046"}],"wp:attachment":[{"href":"https:\/\/www.europesays.com\/fr\/wp-json\/wp\/v2\/media?parent=666045"}],"wp:term":[{"taxonomy":"category","embeddable":true,"href":"https:\/\/www.europesays.com\/fr\/wp-json\/wp\/v2\/categories?post=666045"},{"taxonomy":"post_tag","embeddable":true,"href":"https:\/\/www.europesays.com\/fr\/wp-json\/wp\/v2\/tags?post=666045"}],"curies":[{"name":"wp","href":"https:\/\/api.w.org\/{rel}","templated":true}]}}