{"id":666047,"date":"2026-01-15T19:38:13","date_gmt":"2026-01-15T19:38:13","guid":{"rendered":"https:\/\/www.europesays.com\/fr\/666047\/"},"modified":"2026-01-15T19:38:13","modified_gmt":"2026-01-15T19:38:13","slug":"video-municipales-troublantes-ressemblances-entre-les-mots-du-maire-de-cherbourg-et-ceux-de-la-maire-de-nantes","status":"publish","type":"post","link":"https:\/\/www.europesays.com\/fr\/666047\/","title":{"rendered":"VID\u00c9O &#8211; Municipales\u00a0: troublantes ressemblances entre les mots du maire de Cherbourg et ceux de la maire de Nantes"},"content":{"rendered":"<p>Alors que la campagne des \u00e9lections municipales a d\u00e9but\u00e9 \u00e0 Cherbourg-en-Cotentin, le premier discours du sortant Beno\u00eet Arriv\u00e9, est d\u00e9j\u00e0 point\u00e9 du doigt par l&rsquo;opposition de droite.<\/p>\n<p>Le maire socialiste de Cherbourg, Benoit Arriv\u00e9 a-t-il plagi\u00e9 un discours d&rsquo;une autre \u00e9dile de son parti,\u00a0Johanna Rolland \u00e0 Nantes\u00a0? C&rsquo;est en tous cas <strong>ce que d\u00e9nonce un opposant aux \u00e9lections municipales dans la ville manchoise.<\/strong> \u00ab\u00a0M\u00eame pas l\u2019effort d\u2019\u00e9crire ou de faire \u00e9crire son propre discours\u00a0\u00bb, pointe Antoine Jean sur ses r\u00e9seaux sociaux ce jeudi 15 janvier. Le conseiller r\u00e9gional est l&rsquo;un des membres de l&rsquo;\u00e9quipe de campagne de Camille Margueritte, candidate de l&rsquo;union de la droite et du centre.<\/p>\n<p>Mardi 13 janvier, Beno\u00eet Arriv\u00e9, devant ses militants, a\u00a0<a class=\"IciLink ici-link IciArticleLink g-ici-body-regular-1 underline brand svelte-1chfe2s\" href=\"https:\/\/www.francebleu.fr\/emissions\/l-info-d-ici-ici-cotentin\/municipales-2026-le-maire-sortant-de-cherbourg-en-cotentin-benoit-arrive-devoile-ses-onze-priorites-pour-demain-3081735\" target=\"_blank\" rel=\"noopener\">lanc\u00e9 officiellement sa campagne pour les \u00e9lections municipales<\/a>. Il a d\u00e9clar\u00e9 en conclusion de son discours\u00a0:\u00a0\u00ab\u00a0Lorsque nos adversaires voudront d\u00e9faire, nous nous voudrons faire. Lorsqu&rsquo;ils voudront diviser, stigmatiser, jouer sur les peurs, nous nous voudrons rassembler. Lorsqu&rsquo;ils voudront assigner, nous nous voudrons \u00e9manciper. Cherbourg-en-Cotentin est belle, elle m\u00e9rite qu&rsquo;on se batte pour elle.\u00a0\u00bb<\/p>\n<p>Le maire de Cherbourg ne \u00ab\u00a0souhaite pas alimenter ce type de pol\u00e9mique\u00a0\u00bb <\/p>\n<p>Quatre jours plus t\u00f4t, la maire socialiste de Nantes\u00a0Johanna Rolland,\u00a0<a class=\"IciLink ici-link IciArticleLink g-ici-body-regular-1 underline brand svelte-1chfe2s\" href=\"https:\/\/www.francebleu.fr\/infos\/politique\/elections-municipales-la-maire-de-nantes-johanna-rolland-a-devoile-sa-liste-7125256\" target=\"_blank\" rel=\"noopener\">elle aussi candidate \u00e0 sa r\u00e9\u00e9lection<\/a>\u00a0a lanc\u00e9 quasiment dans les m\u00eames termes,\u00a0\u00bb\u00e0 chaque fois qu&rsquo;ils voudront d\u00e9faire nous on voudra faire, quand ils voudront diviser, nous on voudra rassembler, quand ils voudront assigner, nous on voudra \u00e9manciper. Nantes est belle et elle m\u00e9rite qu&rsquo;on se batte pour elle.\u00a0\u00bb<\/p>\n<p>Plagiat, simple co\u00efncidence ou \u00e9l\u00e9ment de langage des candidats socialistes\u00a0? Sollicit\u00e9, Beno\u00eet Arriv\u00e9 ne \u00ab\u00a0souhaite pas alimenter ce type de pol\u00e9mique\u00a0\u00bb.\u00a0Il rappelle \u00ab\u00a0qu&rsquo;il partage les m\u00eames valeurs, et parfois les m\u00eames mots\u00a0\u00bb que Johanna Rolland,\u00a0\u00ab\u00a0puisqu&rsquo;effectivement les socialistes pr\u00e9f\u00e8rent rassembler que diviser.\u00a0\u00bb\u00a0Il qualifie son homologue nantaise de \u00ab\u00a0grande amie\u00a0\u00bb, avant d&rsquo;appeler \u00e0 une campagne \u00ab\u00a0digne, fond\u00e9e sur la confrontation des projets, et qui d\u00e9passe les d\u00e9bats st\u00e9riles\u00a0\u00bb. Le maire, qui au passage pr\u00e9f\u00e9rerait que la droite locale \u00ab\u00a0se concentre sur les sujets d&rsquo;actualit\u00e9 comme le train ou les cons\u00e9quences de la temp\u00eate, ce qui serait plus utile aux habitants\u00a0\u00bb.<\/p>\n<p>\u00c0 lire aussi   <img decoding=\"async\" src=\"https:\/\/www.europesays.com\/fr\/wp-content\/uploads\/2026\/01\/1768505893_111_400x400.jpeg\" alt=\"\" style=\"--_image-preview:url('data:image\/jpeg;base64,\/9j\/2wBDACgcHiMeGSgjISMtKygwPGRBPDc3PHtYXUlkkYCZlo+AjIqgtObDoKrarYqMyP\/L2u71\/\/\/\/m8H\/\/\/\/6\/+b9\/\/j\/2wBDASstLTw1PHZBQXb4pYyl+Pj4+Pj4+Pj4+Pj4+Pj4+Pj4+Pj4+Pj4+Pj4+Pj4+Pj4+Pj4+Pj4+Pj4+Pj4+Pj4+Pj\/wAARCAAXACoDASIAAhEBAxEB\/8QAFwABAQEBAAAAAAAAAAAAAAAAAAQBA\/\/EABcQAQEBAQAAAAAAAAAAAAAAAAASEQH\/xAAWAQEBAQAAAAAAAAAAAAAAAAAAAQL\/xAAVEQEBAAAAAAAAAAAAAAAAAAAAEf\/aAAwDAQACEQMRAD8AWW4UUtRRZaeiiiiy09lrRy1ugyppoAzvWUAP\/9k=');\" loading=\"lazy\" fetchpriority=\"low\" aria-hidden=\"true\" class=\"svelte-1cksh76 rounded\" onload=\"this.__e=event\" onerror=\"this.__e=event\"\/><\/p>\n","protected":false},"excerpt":{"rendered":"Alors que la campagne des \u00e9lections municipales a d\u00e9but\u00e9 \u00e0 Cherbourg-en-Cotentin, le premier discours du sortant Beno\u00eet Arriv\u00e9,&hellip;\n","protected":false},"author":2,"featured_media":666048,"comment_status":"","ping_status":"","sticky":false,"template":"","format":"standard","meta":{"footnotes":""},"categories":[2818],"tags":[1111,11,1777,674,1011,27,766,12,2636,25],"class_list":{"0":"post-666047","1":"post","2":"type-post","3":"status-publish","4":"format-standard","5":"has-post-thumbnail","7":"category-nantes","8":"tag-actu","9":"tag-actualites","10":"tag-eu","11":"tag-europe","12":"tag-fr","13":"tag-france","14":"tag-nantes","15":"tag-news","16":"tag-pays-de-la-loire","17":"tag-republique-francaise"},"share_on_mastodon":{"url":"https:\/\/pubeurope.com\/@fr\/115900809601142653","error":""},"_links":{"self":[{"href":"https:\/\/www.europesays.com\/fr\/wp-json\/wp\/v2\/posts\/666047","targetHints":{"allow":["GET"]}}],"collection":[{"href":"https:\/\/www.europesays.com\/fr\/wp-json\/wp\/v2\/posts"}],"about":[{"href":"https:\/\/www.europesays.com\/fr\/wp-json\/wp\/v2\/types\/post"}],"author":[{"embeddable":true,"href":"https:\/\/www.europesays.com\/fr\/wp-json\/wp\/v2\/users\/2"}],"replies":[{"embeddable":true,"href":"https:\/\/www.europesays.com\/fr\/wp-json\/wp\/v2\/comments?post=666047"}],"version-history":[{"count":0,"href":"https:\/\/www.europesays.com\/fr\/wp-json\/wp\/v2\/posts\/666047\/revisions"}],"wp:featuredmedia":[{"embeddable":true,"href":"https:\/\/www.europesays.com\/fr\/wp-json\/wp\/v2\/media\/666048"}],"wp:attachment":[{"href":"https:\/\/www.europesays.com\/fr\/wp-json\/wp\/v2\/media?parent=666047"}],"wp:term":[{"taxonomy":"category","embeddable":true,"href":"https:\/\/www.europesays.com\/fr\/wp-json\/wp\/v2\/categories?post=666047"},{"taxonomy":"post_tag","embeddable":true,"href":"https:\/\/www.europesays.com\/fr\/wp-json\/wp\/v2\/tags?post=666047"}],"curies":[{"name":"wp","href":"https:\/\/api.w.org\/{rel}","templated":true}]}}