{"id":66605,"date":"2025-05-01T09:53:11","date_gmt":"2025-05-01T09:53:11","guid":{"rendered":"https:\/\/www.europesays.com\/fr\/66605\/"},"modified":"2025-05-01T09:53:11","modified_gmt":"2025-05-01T09:53:11","slug":"ou-regarder-le-feu-dartifice-du-14-juillet-a-marseille-les-10-meilleurs-spots-pour-admirer-le-spectacle","status":"publish","type":"post","link":"https:\/\/www.europesays.com\/fr\/66605\/","title":{"rendered":"O\u00f9 regarder le feu d&rsquo;artifice du 14 juillet \u00e0 Marseille ? Les 10 meilleurs spots pour admirer le spectacle"},"content":{"rendered":"<p>Je traverse la ville en ce moment et je peux te le dire, le 14 juillet \u00e0 Marseille, c\u2019est une ambiance de folie ! Le spectacle pyrotechnique est l\u2019un des plus beaux de France, peuch\u00e8re. Chaque ann\u00e9e, des milliers de Marseillais et de touristes se massent pour admirer les fus\u00e9es illuminer notre ciel azur\u00e9en. Mais o\u00f9 se placer pour avoir la meilleure vue ? Je t\u2019ai d\u00e9nich\u00e9 les spots les plus strat\u00e9giques pour en prendre plein les yeux.<\/p>\n<p>Les meilleurs spots sur le Vieux-Port pour admirer le feu d\u2019artifice<\/p>\n<p>Le Vieux-Port reste <strong>le lieu embl\u00e9matique et incontournable pour profiter pleinement du spectacle<\/strong>. Le feu d\u2019artifice sera tir\u00e9 depuis 16 pontons install\u00e9s directement sur l\u2019eau et depuis le fort Saint-Nicolas\/Entrecasteaux. Le spectacle d\u00e9marre \u00e0 22h30 pr\u00e9cises et dure 30 minutes, avec des fus\u00e9es qui peuvent s\u2019\u00e9lever jusqu\u2019\u00e0 100 m\u00e8tres de hauteur !<\/p>\n<p>Si tu veux vivre l\u2019exp\u00e9rience \u00e0 fond, je te conseille de te placer sur <strong>le Quai du Port, c\u00f4t\u00e9 Mairie<\/strong>. C\u2019est selon moi le meilleur endroit pour profiter d\u2019une vue panoramique \u00e0 180\u00b0 englobant le Vieux-Port, le Fort d\u2019Entrecasteaux et notre bonne m\u00e8re qui veille sur la ville. En plus, cette zone est sonoris\u00e9e, tu pourras donc appr\u00e9cier la bande sonore qui accompagne le ballet des lumi\u00e8res.<\/p>\n<p>Le Quai de Rive-Neuve offre une exp\u00e9rience diff\u00e9rente mais tout aussi magique. Tu seras litt\u00e9ralement immerg\u00e9 entre les deux points de tir. Par contre, la vue sur le Fort sera un peu limit\u00e9e. Quelle que soit ton option, pr\u00e9vois d\u2019arriver t\u00f4t, car l\u2019affluence est \u00e9norme et les meilleurs spots sont vite pris d\u2019assaut d\u00e8s la tomb\u00e9e de la nuit.<\/p>\n<p>Profiter du spectacle en hauteur : les spots panoramiques<\/p>\n<p>Pour ceux qui pr\u00e9f\u00e8rent prendre de la hauteur, plusieurs options s\u2019offrent \u00e0 toi. Le <strong>Jardin du Pharo est un spot familial id\u00e9al<\/strong> avec sa vue surplombante sur le Vieux-Port. Ouvert exceptionnellement d\u00e8s 19h le jour J, il offre une grande \u00e9tendue d\u2019herbe parfaite pour s\u2019installer tranquillement et pique-niquer en attendant le d\u00e9but des festivit\u00e9s. Attention, la jauge maximale peut \u00eatre atteinte, entra\u00eenant sa fermeture.<\/p>\n<p>L\u2019Esplanade de la Tourette, nich\u00e9e dans le quartier du Panier, est mon petit coin secret. Accessible depuis le Quai du Port par des escaliers, elle offre une vue panoramique exceptionnelle \u00e0 180\u00b0 sur l\u2019ensemble du bassin et le Fort. L\u2019espace est restreint, alors arrive bien avant le spectacle.<\/p>\n<p>Un autre spot moins connu mais tout aussi int\u00e9ressant est <strong>l\u2019Abbaye Saint-Victor<\/strong>. Situ\u00e9e au bout de la rue Sainte, elle propose une vue d\u00e9gag\u00e9e sur le port et une position privil\u00e9gi\u00e9e face au Fort d\u2019Entrecasteaux. C\u2019est un endroit appr\u00e9ci\u00e9 des locaux, avec plein de bars et restos aux alentours pour finir la soir\u00e9e en beaut\u00e9.<\/p>\n<p>Voici mon classement des 5 meilleurs spots panoramiques :<\/p>\n<ol>\n<li>Esplanade de la Tourette (vue compl\u00e8te et moins bond\u00e9e)<\/li>\n<li>Jardin du Pharo (id\u00e9al en famille)<\/li>\n<li>Collines autour de Notre-Dame de la Garde<\/li>\n<li>Abbaye Saint-Victor (parfait pour poursuivre la soir\u00e9e)<\/li>\n<li>Quartier du Panier (ambiance typiquement marseillaise)<\/li>\n<\/ol>\n<p>Alternatives originales pour voir le feu d\u2019artifice du 14 juillet<\/p>\n<p>Si tu cherches une exp\u00e9rience diff\u00e9rente, pourquoi ne pas opter pour <strong>un rooftop ou un \u00e9tablissement avec vue<\/strong> ? Plusieurs adresses proposent des soir\u00e9es sp\u00e9ciales pour l\u2019occasion, comme le Dant\u00e8s Skylounge du Sofitel qui offre une vue imprenable depuis son 7\u00e8me \u00e9tage ou encore le Rowing Club avec sa terrasse sur le port.<\/p>\n<p>Une exp\u00e9rience encore plus exclusive serait de <a href=\"https:\/\/www.newsofmarseille.com\/spectacle-drones-marseille-experience-lumineuse-inoubliable-au-dessus-vieux-port-0086242024.html\" target=\"_blank\" rel=\"noopener\">r\u00e9server une soir\u00e9e en bateau pour admirer le spectacle lumineux depuis la mer<\/a>. Des compagnies comme Localanque proposent des soir\u00e9es privatives \u00e0 bord de bateaux \u00e0 quai, et d\u2019autres comme Borderline organisent des embarquements avec DJ sets.<\/p>\n<tr>\nSpot<br \/>\nAvantages<br \/>\nInconv\u00e9nients<br \/>\n<\/tr>\n<tr>\n<td>Vieux-Port<\/td>\n<td>Vue compl\u00e8te, ambiance, son<\/td>\n<td>Tr\u00e8s fr\u00e9quent\u00e9<\/td>\n<\/tr>\n<tr>\n<td>Jardin du Pharo<\/td>\n<td>Espace, confort, vue en hauteur<\/td>\n<td>Vue limit\u00e9e sur le Fort<\/td>\n<\/tr>\n<tr>\n<td>Esplanade de la Tourette<\/td>\n<td>Vue panoramique, moins bond\u00e9<\/td>\n<td>Espace restreint<\/td>\n<\/tr>\n<tr>\n<td>En bateau<\/td>\n<td>Exp\u00e9rience unique, vue privil\u00e9gi\u00e9e<\/td>\n<td>Co\u00fbt \u00e9lev\u00e9, r\u00e9servation n\u00e9cessaire<\/td>\n<\/tr>\n<p>Pour finir, n\u2019oublie pas que les transports et la circulation seront fortement perturb\u00e9s. Le m\u00e9tro Vieux-Port ferme d\u00e8s 15h30 et plusieurs stations seront inaccessibles \u00e0 partir de 18h. Le tramway T1 sera renforc\u00e9 jusqu\u2019\u00e0 1h du matin, mais les autres lignes conna\u00eetront des modifications d\u2019horaires. Je te conseille de privil\u00e9gier la marche ou d\u2019arriver bien en avance pour profiter pleinement de cette soir\u00e9e qui s\u2019annonce magique sous notre ciel marseillais.<\/p>\n<p><img loading=\"lazy\" decoding=\"async\" width=\"150\" height=\"150\" src=\"data:image\/svg+xml,%3Csvg%20xmlns=\" http:=\"\" class=\"attachment-150x150 size-150x150\" alt=\"\" itemprop=\"image\" data-lazy- data-lazy- data-lazy-src=\"https:\/\/www.europesays.com\/fr\/wp-content\/uploads\/2025\/04\/img2-150x150.png\"\/><\/p>\n<p>Je suis Adrien, r\u00e9dacteur virtuel depuis quelques ann\u00e9es. J&rsquo;aime pouvoir partager avec vous les tendances Lifestyle sur le blog News Of Marseille. J&rsquo;esp\u00e8re que vous prendrez plaisir \u00e0 lire mes articles !<\/p>\n<p>Partagez l&rsquo;article ou suivez nous !<\/p>\n<p>\n\tNos images sont \u00e0 but illustratif et peuvent ne pas repr\u00e9senter la r\u00e9alit\u00e9<\/p>\n","protected":false},"excerpt":{"rendered":"Je traverse la ville en ce moment et je peux te le dire, le 14 juillet \u00e0 Marseille,&hellip;\n","protected":false},"author":2,"featured_media":66606,"comment_status":"","ping_status":"","sticky":false,"template":"","format":"standard","meta":{"footnotes":""},"categories":[2814],"tags":[1111,11,1777,674,16701,1011,27,884,12,882,25],"class_list":{"0":"post-66605","1":"post","2":"type-post","3":"status-publish","4":"format-standard","5":"has-post-thumbnail","7":"category-marseille","8":"tag-actu","9":"tag-actualites","10":"tag-eu","11":"tag-europe","12":"tag-feu-dartifice","13":"tag-fr","14":"tag-france","15":"tag-marseille","16":"tag-news","17":"tag-provence-alpes-cote-dazur","18":"tag-republique-francaise"},"share_on_mastodon":{"url":"https:\/\/pubeurope.com\/@fr\/114431970860178983","error":""},"_links":{"self":[{"href":"https:\/\/www.europesays.com\/fr\/wp-json\/wp\/v2\/posts\/66605","targetHints":{"allow":["GET"]}}],"collection":[{"href":"https:\/\/www.europesays.com\/fr\/wp-json\/wp\/v2\/posts"}],"about":[{"href":"https:\/\/www.europesays.com\/fr\/wp-json\/wp\/v2\/types\/post"}],"author":[{"embeddable":true,"href":"https:\/\/www.europesays.com\/fr\/wp-json\/wp\/v2\/users\/2"}],"replies":[{"embeddable":true,"href":"https:\/\/www.europesays.com\/fr\/wp-json\/wp\/v2\/comments?post=66605"}],"version-history":[{"count":0,"href":"https:\/\/www.europesays.com\/fr\/wp-json\/wp\/v2\/posts\/66605\/revisions"}],"wp:featuredmedia":[{"embeddable":true,"href":"https:\/\/www.europesays.com\/fr\/wp-json\/wp\/v2\/media\/66606"}],"wp:attachment":[{"href":"https:\/\/www.europesays.com\/fr\/wp-json\/wp\/v2\/media?parent=66605"}],"wp:term":[{"taxonomy":"category","embeddable":true,"href":"https:\/\/www.europesays.com\/fr\/wp-json\/wp\/v2\/categories?post=66605"},{"taxonomy":"post_tag","embeddable":true,"href":"https:\/\/www.europesays.com\/fr\/wp-json\/wp\/v2\/tags?post=66605"}],"curies":[{"name":"wp","href":"https:\/\/api.w.org\/{rel}","templated":true}]}}