{"id":666053,"date":"2026-01-15T19:41:12","date_gmt":"2026-01-15T19:41:12","guid":{"rendered":"https:\/\/www.europesays.com\/fr\/666053\/"},"modified":"2026-01-15T19:41:12","modified_gmt":"2026-01-15T19:41:12","slug":"municipales-2026-a-toulouse-stationnement-francois-piquemal-lfi-veut-supprimer-les-voitures-qui-flashent","status":"publish","type":"post","link":"https:\/\/www.europesays.com\/fr\/666053\/","title":{"rendered":"Municipales 2026 \u00e0 Toulouse. Stationnement\u00a0: Fran\u00e7ois Piquemal (LFI) veut supprimer les voitures qui flashent"},"content":{"rendered":"<p>\n                                                                    l&rsquo;essentiel<br \/>\n                                                                Le candidat LFI aux municipales, Fran\u00e7ois Piquemal, veut mettre fin au contr\u00f4le du stationnement payant dans les rues de Toulouse avec des v\u00e9hicules dot\u00e9s de cam\u00e9ras. Les amendes ont \u00e9t\u00e9 multipli\u00e9es par deux en deux ans.\n                            <\/p>\n<p>Candidat aux municipales, le d\u00e9put\u00e9 (La France insoumise) Fran\u00e7ois Piquemal avait d\u00e9j\u00e0 dit tout le mal qu\u2019il pensait du syst\u00e8me de verbalisation du stationnement payant dans les rues de Toulouse. Depuis 2022, la mairie s\u2019est \u00e9quip\u00e9e de v\u00e9hicules avec de petites cam\u00e9ras sur le toit qui lisent de fa\u00e7on automatique et donc tr\u00e8s rapide les plaques d\u2019immatriculation. Elles rep\u00e8rent les automobilistes qui n\u2019ont pas pay\u00e9 leur stationnement. Et flashent en s\u00e9rie.<\/p>\n<p>En passant de patrouilles p\u00e9destres d\u2019agents municipaux aux tourn\u00e9es de ces v\u00e9hicules, la fr\u00e9quence des PV s\u2019est s\u00e9rieusement accrue. Lors du conseil municipal d\u2019octobre, des chiffres impressionnants ont \u00e9t\u00e9 communiqu\u00e9s. En 2024, quelque 500\u00a0000 PV ont \u00e9t\u00e9 distribu\u00e9s. Deux fois plus qu\u2019en 2022. Et 15\u00a0% de plus qu\u2019en 2023.<\/p>\n<p>La mairie poss\u00e8de cinq voitures, des petites Toyota Yaris blanches. Et deux d\u2019entre elles suffisent pour sillonner toutes les rues payantes de Toulouse en une journ\u00e9e l\u00e0 o\u00f9 les agents mettaient plusieurs jours \u00e0 le faire.<\/p>\n<p>Une \u00ab\u00a0prune\u00a0\u00bb pour tous<\/p>\n<p>Dans son entretien \u00e0 \u00ab\u00a0La D\u00e9p\u00eache\u00a0\u00bb ce jeudi 15\u00a0janvier, Fran\u00e7ois Piquemal a annonc\u00e9 qu\u2019il supprimerait ce dispositif. \u00ab\u00a0Le maire sortant que j\u2019appelle \u00ab\u00a0Monsieur Bouchon\u00a0\u00bb est aussi \u00ab\u00a0Monsieur Prune\u00a0\u00bb. En deux ans, on est pass\u00e9 de 200\u00a0000\u00a0\u00e0 500\u00a0000 amendes\u00a0: quasiment chaque Toulousain a re\u00e7u une prune dans l\u2019ann\u00e9e.\u00a0\u00bb<\/p>\n<p>Pour le candidat, il y a une raison \u00e0 ce contr\u00f4le accru\u00a0: \u00ab\u00a0combler des d\u00e9ficits cr\u00e9\u00e9s par une mauvaise gestion \u00e0 la ville et \u00e0 la m\u00e9tropole. Moi, je refuse qu\u2019on compense une mauvaise gestion par des amendes, sans discernement humain. Beaucoup d\u2019agents se plaignent de ce syst\u00e8me, m\u00eame s\u2019ils ne peuvent pas toujours le dire publiquement. Donc oui, on remettra \u00e0 plat le syst\u00e8me de lecture de plaques.\u00a0\u00bb<\/p>\n<p>Si Tiss\u00e9o et la M\u00e9tropole sont endett\u00e9s, c\u2019est pour le financement de la 3e ligne de m\u00e9tro. Fran\u00e7ois Piquemal conc\u00e8de que ce n\u2019est pas avec des amendes \u00e0 35\u00a0\u20ac qu\u2019est financ\u00e9 ce moyen de transport mais avec un grand emprunt. Pour autant, il stigmatise \u00ab\u00a0une gabegie\u00a0\u00bb et \u00ab\u00a0des amendes qui font rentrer des recettes\u00a0\u00bb.<\/p>\n<p>La mairie a plusieurs fois justifi\u00e9 le contr\u00f4le du stationnement par un nombre de places en ville qui n\u2019est pas extensible et qui est m\u00eame r\u00e9duit par la pi\u00e9tonnisation. \u00ab\u00a0Le contr\u00f4le du stationnement payant n\u2019a pas pour objectif premier de sanctionner mais de garantir une utilisation \u00e9quitable et efficace de l\u2019espace public\u00a0\u00bb par la rotation des v\u00e9hicules, a-t-elle avanc\u00e9 r\u00e9guli\u00e8rement.<\/p>\n<p>Fran\u00e7ois Piquemal entend par ailleurs conditionner le prix de l\u2019abonnement r\u00e9sident \u2013 qui est de 135\u00a0\u20ac par an pour tout le monde \u2013 au revenu des familles.<\/p>\n","protected":false},"excerpt":{"rendered":"l&rsquo;essentiel Le candidat LFI aux municipales, Fran\u00e7ois Piquemal, veut mettre fin au contr\u00f4le du stationnement payant dans les&hellip;\n","protected":false},"author":2,"featured_media":666054,"comment_status":"","ping_status":"","sticky":false,"template":"","format":"standard","meta":{"footnotes":""},"categories":[2816],"tags":[1111,11,1777,674,1011,27,329,2722,3434,12,2680,316,25,2312,37919],"class_list":{"0":"post-666053","1":"post","2":"type-post","3":"status-publish","4":"format-standard","5":"has-post-thumbnail","7":"category-toulouse","8":"tag-actu","9":"tag-actualites","10":"tag-eu","11":"tag-europe","12":"tag-fr","13":"tag-france","14":"tag-france-monde","15":"tag-haute-garonne","16":"tag-municipales-2026","17":"tag-news","18":"tag-occitanie","19":"tag-politique","20":"tag-republique-francaise","21":"tag-toulouse","22":"tag-u00c9lections"},"share_on_mastodon":{"url":"https:\/\/pubeurope.com\/@fr\/115900821293309074","error":""},"_links":{"self":[{"href":"https:\/\/www.europesays.com\/fr\/wp-json\/wp\/v2\/posts\/666053","targetHints":{"allow":["GET"]}}],"collection":[{"href":"https:\/\/www.europesays.com\/fr\/wp-json\/wp\/v2\/posts"}],"about":[{"href":"https:\/\/www.europesays.com\/fr\/wp-json\/wp\/v2\/types\/post"}],"author":[{"embeddable":true,"href":"https:\/\/www.europesays.com\/fr\/wp-json\/wp\/v2\/users\/2"}],"replies":[{"embeddable":true,"href":"https:\/\/www.europesays.com\/fr\/wp-json\/wp\/v2\/comments?post=666053"}],"version-history":[{"count":0,"href":"https:\/\/www.europesays.com\/fr\/wp-json\/wp\/v2\/posts\/666053\/revisions"}],"wp:featuredmedia":[{"embeddable":true,"href":"https:\/\/www.europesays.com\/fr\/wp-json\/wp\/v2\/media\/666054"}],"wp:attachment":[{"href":"https:\/\/www.europesays.com\/fr\/wp-json\/wp\/v2\/media?parent=666053"}],"wp:term":[{"taxonomy":"category","embeddable":true,"href":"https:\/\/www.europesays.com\/fr\/wp-json\/wp\/v2\/categories?post=666053"},{"taxonomy":"post_tag","embeddable":true,"href":"https:\/\/www.europesays.com\/fr\/wp-json\/wp\/v2\/tags?post=666053"}],"curies":[{"name":"wp","href":"https:\/\/api.w.org\/{rel}","templated":true}]}}