{"id":666057,"date":"2026-01-15T19:43:09","date_gmt":"2026-01-15T19:43:09","guid":{"rendered":"https:\/\/www.europesays.com\/fr\/666057\/"},"modified":"2026-01-15T19:43:09","modified_gmt":"2026-01-15T19:43:09","slug":"lille-soupconne-du-viol-dun-enfant-le-baby-sitter-avait-ete-condamne-pour-agression-sexuelle-a-nice","status":"publish","type":"post","link":"https:\/\/www.europesays.com\/fr\/666057\/","title":{"rendered":"Lille. Soup\u00e7onn\u00e9 du viol d&rsquo;un enfant, le baby-sitter avait \u00e9t\u00e9 condamn\u00e9 pour agression sexuelle \u00e0 Nice"},"content":{"rendered":"<p>                    Par<br \/>\n        <strong><br \/>\n            <a href=\"https:\/\/actu.fr\/auteur\/margot-nicodeme\" title=\"Consulter tous les articles de Margot Nicod\u00e8me\" target=\"_blank\" rel=\"noopener\">Margot Nicod\u00e8me<\/a><br \/>\n                    <\/strong><\/p>\n<p>        Publi\u00e9 le<\/p>\n<p>            15 janv. 2026 \u00e0 19h46        <\/p>\n<p>Il est soup\u00e7onn\u00e9 de <b>viol sur un enfant de 2 ans et 10 mois<\/b>, dans la m\u00e9tropole de <a href=\"https:\/\/actu.fr\/hauts-de-france\/lille_59350\" target=\"_blank\" rel=\"noopener\">Lille<\/a> (Nord). C\u2019est la m\u00e8re du petit gar\u00e7on qui s\u2019est rendue au commissariat le 29 d\u00e9cembre 2025, pour r\u00e9v\u00e9ler ces faits d\u2019agression commis<b> par son baby-sitter<\/b>. <b>L\u2019homme, \u00e2g\u00e9 de 36 ans<\/b>, avait \u00e9t\u00e9 recrut\u00e9 sur une plateforme en ligne de garde d\u2019enfants. Il s\u2019av\u00e8re qu\u2019il venait de purger une peine de 5 ans pour agression sexuelle impos\u00e9e \u00e0 un mineur de 15 ans, apr\u00e8s une condamnation par le tribunal correctionnel de Nice, en 2020.\u00a0<\/p>\n<p class=\" wall-content\">Il avait<b> interdiction d\u2019exercer une activit\u00e9 impliquant un contact habituel avec des mineurs<\/b>, renseigne le parquet de Lille. <b>Une trentaine de familles <\/b>dans la r\u00e9gion lilloise sont susceptibles d\u2019avoir eu recours \u00e0 ses services.<\/p>\n<p>D\u00e9j\u00e0 condamn\u00e9 pour des faits similaires, il avait interdiction d\u2019\u00eatre en contact avec des mineurs<\/p>\n<p class=\" wall-content\">C\u2019est la plainte de la m\u00e8re de famille du 29 d\u00e9cembre qui a permis de percer \u00e0 jour le mis en cause. Face \u00e0 ces graves accusations, le baby-sitter \u00ab\u00a0a \u00e9t\u00e9 plac\u00e9 en garde \u00e0 vue le jour m\u00eame du chef de viol sur mineur de 15 ans\u00a0\u00bb, informe le parquet.\u00a0<\/p>\n<p class=\" wall-content\">Il s\u2019av\u00e8re que l\u2019individu \u00e9tait inscrit au Fijais (fichier judiciaire national automatis\u00e9 des auteurs d\u2019infractions sexuelles). <b>Le 8 octobre 2020<\/b>, il avait ainsi \u00ab\u00a0<b>d\u00e9j\u00e0 \u00e9t\u00e9 condamn\u00e9 par le tribunal correctionnel de Nice<\/b> pour agression sexuelle impos\u00e9e \u00e0 un mineur de 15 ans \u00e0 une peine de <b>5 ans d\u2019emprisonnement avec <\/b><b>maintien en d\u00e9tention<\/b> assorti d\u2019un suivi socio-judiciaire de 5 ans\u00a0\u00bb. Dans le cadre de ce suivi, il lui \u00e9tait interdit d\u2019exercer une activit\u00e9 \u00ab\u00a0habituelle\u00a0\u00bb au contact des mineurs, d\u2019entrer en contact avec les victimes, et le trentenaire avait l\u2019obligation de se soigner.<\/p>\n<p class=\" wall-content\">D\u00e8s<b> le 20 mai 2025<\/b>, le parquet de Lille avait re\u00e7u l\u2019information, par un voisin, que<b> l\u2019homme exer\u00e7ait une activit\u00e9 de baby-sitting<\/b>. \u00c0 l\u2019\u00e9poque toutefois, \u00ab\u00a0les premiers \u00e9l\u00e9ments recueillis par les enqu\u00eateurs ne permettaient pas de caract\u00e9riser la commission d\u2019une nouvelle infraction, ni m\u00eame d\u2019identifier une plateforme sur laquelle il aurait propos\u00e9 ses services.\u00a0\u00bb<\/p>\n<p class=\" wall-content\">Inform\u00e9, le juge de l\u2019application des peines avait \u00ab\u00a0imm\u00e9diatement\u00a0\u00bb ordonn\u00e9 le placement en r\u00e9tention de l\u2019int\u00e9ress\u00e9, puis le 27 mai 2025, avait d\u00e9cid\u00e9 de \u00ab\u00a0renforcer les obligations de son suivi socio-judiciaire par l\u2019ajout d\u2019une interdiction d\u2019entrer en contact avec des mineurs, sur r\u00e9quisitions conformes du parquet\u00a0\u00bb.<\/p>\n<p>Le mis en cause plac\u00e9 en d\u00e9tention, certaines familles d\u00e9j\u00e0 contact\u00e9es<\/p>\n<p class=\" wall-content\">Depuis le 30 d\u00e9cembre 2025, \u00ab\u00a0en l\u2019\u00e9tat d\u2019un non-respect caract\u00e9ris\u00e9 de ses obligations d\u00e9duit de la plainte du 29 d\u00e9cembre (notamment l\u2019interdiction d\u2019entrer en contact avec des mineurs), le juge de l\u2019application des peines de Lille prenait une ordonnance <b>d\u2019incarc\u00e9ration provisoire<\/b>\u00ab\u00a0, retrace encore le parquet.<\/p>\n<p>Votre r\u00e9gion, votre actu !<\/p>\n<p>Recevez chaque jour les infos qui comptent pour vous.<\/p>\n<p>\t<a href=\"https:\/\/actu.fr\/newsletter\" class=\"ac-btn ac-btn--corner ac-btn--medium ac-btn--blue800\" target=\"_blank\" rel=\"noopener\">S&rsquo;incrire<\/a><\/p>\n<p class=\" wall-content\">Le 9 janvier 2026, \u00e0 l\u2019issue d\u2019un d\u00e9bat contradictoire, le juge de l\u2019application des peines a ordonn\u00e9 la r\u00e9vocation pour 2 ans de la peine encourue (5 ans) dans le cadre du suivi socio-judiciaire. L\u2019homme a \u00e9t\u00e9 maintenu en d\u00e9tention.\u00a0<\/p>\n<p class=\" wall-content\">L\u2019enqu\u00eate pour les faits de viol sur mineur de 15 ans d\u00e9but\u00e9e le 29 d\u00e9cembre 2025 se poursuit, \u00ab\u00a0afin de pr\u00e9ciser la port\u00e9e r\u00e9elle des agissements du mis en cause\u00a0\u00bb. <b>Une trentaine de familles sont susceptibles d\u2019avoir eu affaire \u00e0 lui<\/b>.\u00a0<\/p>\n<p class=\" wall-content\">Le parquet de Lille ajoute : \u00ab\u00a0Certaines ont d\u00e9j\u00e0 \u00e9t\u00e9 contact\u00e9es par l\u2019unit\u00e9 en charge de l\u2019enqu\u00eate. Des suspicions ont \u00e9t\u00e9 relev\u00e9es pour deux familles sans que l\u2019enqu\u00eate n\u2019ait encore \u00e9tabli de faits p\u00e9nalement r\u00e9pr\u00e9hensibles. Le concours de l\u2019association d\u2019aide aux victimes est et sera propos\u00e9 \u00e0 toutes les familles concern\u00e9es. L\u2019enqu\u00eate a \u00e9galement pour objet de<b> pr\u00e9ciser les conditions dans lesquelles l\u2019int\u00e9ress\u00e9 a pu proposer ses services<\/b>.\u00a0\u00bb<\/p>\n<p class=\" wall-content\">Personnalisez votre actualit\u00e9 en ajoutant vos villes et m\u00e9dias en favori avec <a href=\"https:\/\/moncompte.actu.fr\" title=\"D\u00e9couvez Mon Actu\" rel=\"nofollow noopener\" data-trk=\"{&quot;cta&quot;:{&quot;action&quot;:&quot;https:\\\/\\\/moncompte.actu.fr&quot;,&quot;category&quot;:&quot;mon compte&quot;,&quot;from&quot;:&quot;article footer&quot;,&quot;name&quot;:&quot;Mon actu&quot;,&quot;type&quot;:&quot;cta&quot;}}\" target=\"_blank\">Mon Actu<\/a>.<\/p>\n","protected":false},"excerpt":{"rendered":"Par Margot Nicod\u00e8me Publi\u00e9 le 15 janv. 2026 \u00e0 19h46 Il est soup\u00e7onn\u00e9 de viol sur un enfant&hellip;\n","protected":false},"author":2,"featured_media":666058,"comment_status":"","ping_status":"","sticky":false,"template":"","format":"standard","meta":{"footnotes":""},"categories":[2815],"tags":[1111,11,1719,1777,674,118,1011,27,811,303,1307,12,25,799],"class_list":{"0":"post-666057","1":"post","2":"type-post","3":"status-publish","4":"format-standard","5":"has-post-thumbnail","7":"category-lille","8":"tag-actu","9":"tag-actualites","10":"tag-enfants","11":"tag-eu","12":"tag-europe","13":"tag-faits-divers","14":"tag-fr","15":"tag-france","16":"tag-hauts-de-france","17":"tag-justice","18":"tag-lille","19":"tag-news","20":"tag-republique-francaise","21":"tag-violences-sexuelles"},"share_on_mastodon":{"url":"https:\/\/pubeurope.com\/@fr\/115900829224757002","error":""},"_links":{"self":[{"href":"https:\/\/www.europesays.com\/fr\/wp-json\/wp\/v2\/posts\/666057","targetHints":{"allow":["GET"]}}],"collection":[{"href":"https:\/\/www.europesays.com\/fr\/wp-json\/wp\/v2\/posts"}],"about":[{"href":"https:\/\/www.europesays.com\/fr\/wp-json\/wp\/v2\/types\/post"}],"author":[{"embeddable":true,"href":"https:\/\/www.europesays.com\/fr\/wp-json\/wp\/v2\/users\/2"}],"replies":[{"embeddable":true,"href":"https:\/\/www.europesays.com\/fr\/wp-json\/wp\/v2\/comments?post=666057"}],"version-history":[{"count":0,"href":"https:\/\/www.europesays.com\/fr\/wp-json\/wp\/v2\/posts\/666057\/revisions"}],"wp:featuredmedia":[{"embeddable":true,"href":"https:\/\/www.europesays.com\/fr\/wp-json\/wp\/v2\/media\/666058"}],"wp:attachment":[{"href":"https:\/\/www.europesays.com\/fr\/wp-json\/wp\/v2\/media?parent=666057"}],"wp:term":[{"taxonomy":"category","embeddable":true,"href":"https:\/\/www.europesays.com\/fr\/wp-json\/wp\/v2\/categories?post=666057"},{"taxonomy":"post_tag","embeddable":true,"href":"https:\/\/www.europesays.com\/fr\/wp-json\/wp\/v2\/tags?post=666057"}],"curies":[{"name":"wp","href":"https:\/\/api.w.org\/{rel}","templated":true}]}}