{"id":666059,"date":"2026-01-15T19:44:11","date_gmt":"2026-01-15T19:44:11","guid":{"rendered":"https:\/\/www.europesays.com\/fr\/666059\/"},"modified":"2026-01-15T19:44:11","modified_gmt":"2026-01-15T19:44:11","slug":"une-equipe-presque-type-alignee-par-enrique-contre-lille","status":"publish","type":"post","link":"https:\/\/www.europesays.com\/fr\/666059\/","title":{"rendered":"Une \u00e9quipe presque type align\u00e9e par Enrique contre Lille ?"},"content":{"rendered":"<p><img width=\"700\" height=\"350\" src=\"https:\/\/www.europesays.com\/fr\/wp-content\/uploads\/2026\/01\/psglosc-dessin.png\" class=\"attachment-jannah-image-post size-jannah-image-post wp-post-image\" alt=\"Psglosc dessin\" is_main_img=\"1\" decoding=\"async\" fetchpriority=\"high\"  \/><\/p>\n<p>Le PSG affronte Lille demain soir (21 heures, beIN SPORTS 1)<br \/>\nlors de la 18e journ\u00e9e de Ligue 1. Luis Enrique devrait aligner une<br \/>\n\u00e9quipe proche de son \u00e9quipe type.\u00a0<\/p>\n<p>Le <strong>PSG<\/strong> retrouve les terrains demain soir avec<br \/>\nla r\u00e9ception \u2013 au <strong>Parc des Princes<\/strong> \u2013 de<br \/>\n<strong>Lille<\/strong> dans le cadre de la dix-huiti\u00e8me journ\u00e9e de<br \/>\n<strong>Ligue 1.<\/strong> Pour cette rencontre, <strong>Luis<br \/>\nEnrique<\/strong> devra faire sans <strong><a href=\"https:\/\/canal-supporters.com\/achraf-hakimi-rejoint-ibrahim-mbaye-en-finale-de-la-can\/\" title=\"\" target=\"_blank\" rel=\"noopener\">Achraf Hakimi<\/a><\/strong> et <strong>Ibrahim<br \/>\nMbaye<\/strong>, qui vont jouer la finale de la <strong>Coupe<br \/>\nd\u2019Afrique des nations<\/strong> dimanche, ni <strong>Lee<br \/>\nKang-in<\/strong>, <strong>Quentin Ndjantou<\/strong>, <strong>Matvey<br \/>\nSafonov<\/strong> et <strong>Joao Neves<\/strong>, bless\u00e9s. Malgr\u00e9<br \/>\n\u00e7a, le coach du <strong>PSG<\/strong> devrait aligner une \u00e9quipe<br \/>\nproche de son \u00e9quipe type.\u00a0<\/p>\n<p><a href=\"https:\/\/x.com\/CanalSupporters\" target=\"_blank\" rel=\"noopener\" title=\"\">canalsupporters.com<\/a><\/p>\n<p>D\u00e9sir\u00e9 Dou\u00e9 au<br \/>\nmilieu de terrain ?<\/p>\n<p>Dans les buts, pas de surprise avec <strong>Lucas<br \/>\nChevalier<\/strong>. En d\u00e9fense, <strong><a href=\"https:\/\/canal-supporters.com\/luis-enrique-vous-pensez-que-lon-va-gagner-tous-les-trophees-chaque-saison-le-football-ne-fonctionne-pas-ainsi\/\" title=\"\" target=\"_blank\" rel=\"noopener\">Luis Enrique<\/a><\/strong> devrait choisir <strong>Warren<br \/>\nZa\u00efre-Emery<\/strong>, <strong>Willian Pacho<\/strong>,<br \/>\n<strong>Marquinhos<\/strong> et <strong>Nuno Mendes<\/strong>, selon<br \/>\n<a href=\"https:\/\/www.leparisien.fr\/sports\/football\/psg\/psg-lille-la-composition-probable-avec-le-retour-des-cadres-15-01-2026-6EGVHGOQ4VFAHEW5U2ESTEJ2FE.php\" target=\"_blank\" rel=\"noopener\" title=\"\">Le Parisien<\/a>. Avec<br \/>\nl\u2019absence de <strong>Joao Neves<\/strong>, victime d\u2019une g\u00eane<br \/>\nmusculaire, le coach du <strong>PSG<\/strong> devrait faire<br \/>\nredescendre <strong>D\u00e9sir\u00e9 Dou\u00e9<\/strong> au milieu de terrain aux<br \/>\nc\u00f4t\u00e9s de <strong>Vitinha<\/strong> et de <strong>Senny<br \/>\nMayulu<\/strong>. Enfin, l\u2019attaque devrait \u00eatre compos\u00e9e de<br \/>\n<strong>Khvicha Kvaratskhelia<\/strong>, <strong>d\u2019Ousmane<br \/>\nDemb\u00e9l\u00e9<\/strong> et de <strong>Bradley Barcola<\/strong>, selon le<br \/>\nquotidien francilien.\u00a0<\/p>\n<ul class=\"wp-block-list\">\n<li>Le XI probable du <strong>PSG<\/strong> selon Le Parisien : hevalier \u2013 Za\u00efre-Emery, Marquinhos (cap.), Pacho, Mendes \u2013 Dou\u00e9, Vitinha, Mayulu \u2013 Kvaratskhelia, Demb\u00e9l\u00e9, Barcola.<\/li>\n<\/ul>\n","protected":false},"excerpt":{"rendered":"Le PSG affronte Lille demain soir (21 heures, beIN SPORTS 1) lors de la 18e journ\u00e9e de Ligue&hellip;\n","protected":false},"author":2,"featured_media":666060,"comment_status":"","ping_status":"","sticky":false,"template":"","format":"standard","meta":{"footnotes":""},"categories":[2815],"tags":[76646,76647,76648,1111,11,81,56628,13120,787,1640,76649,76650,76651,1643,4479,1777,674,1011,27,811,66,1611,1307,921,12,75423,626,91,92,93,76652,76653,76654,25,96,13124],"class_list":{"0":"post-666059","1":"post","2":"type-post","3":"status-publish","4":"format-standard","5":"has-post-thumbnail","7":"category-lille","8":"tag-18e-journee","9":"tag-18e-journee-de-ligue-1","10":"tag-18e-journee-ligue-1","11":"tag-actu","12":"tag-actualites","13":"tag-canal-supporters","14":"tag-compos-probables","15":"tag-compositions-probables","16":"tag-cs","17":"tag-desire-doue","18":"tag-dix-huitieme-journee","19":"tag-dix-huitieme-journee-de-ligue-1","20":"tag-dix-huitieme-journee-ligue-1","21":"tag-doue","22":"tag-enrique","23":"tag-eu","24":"tag-europe","25":"tag-fr","26":"tag-france","27":"tag-hauts-de-france","28":"tag-ligue-1","29":"tag-ligue-1-macdonalds","30":"tag-lille","31":"tag-luis-enrique","32":"tag-news","33":"tag-onze-probables","34":"tag-paris","35":"tag-paris-saint-germain","36":"tag-paris-sg","37":"tag-psg","38":"tag-psg-losc","39":"tag-psg-lille","40":"tag-psglosc","41":"tag-republique-francaise","42":"tag-une","43":"tag-xi-probables"},"share_on_mastodon":{"url":"","error":"Validation failed: Text character limit of 500 exceeded"},"_links":{"self":[{"href":"https:\/\/www.europesays.com\/fr\/wp-json\/wp\/v2\/posts\/666059","targetHints":{"allow":["GET"]}}],"collection":[{"href":"https:\/\/www.europesays.com\/fr\/wp-json\/wp\/v2\/posts"}],"about":[{"href":"https:\/\/www.europesays.com\/fr\/wp-json\/wp\/v2\/types\/post"}],"author":[{"embeddable":true,"href":"https:\/\/www.europesays.com\/fr\/wp-json\/wp\/v2\/users\/2"}],"replies":[{"embeddable":true,"href":"https:\/\/www.europesays.com\/fr\/wp-json\/wp\/v2\/comments?post=666059"}],"version-history":[{"count":0,"href":"https:\/\/www.europesays.com\/fr\/wp-json\/wp\/v2\/posts\/666059\/revisions"}],"wp:featuredmedia":[{"embeddable":true,"href":"https:\/\/www.europesays.com\/fr\/wp-json\/wp\/v2\/media\/666060"}],"wp:attachment":[{"href":"https:\/\/www.europesays.com\/fr\/wp-json\/wp\/v2\/media?parent=666059"}],"wp:term":[{"taxonomy":"category","embeddable":true,"href":"https:\/\/www.europesays.com\/fr\/wp-json\/wp\/v2\/categories?post=666059"},{"taxonomy":"post_tag","embeddable":true,"href":"https:\/\/www.europesays.com\/fr\/wp-json\/wp\/v2\/tags?post=666059"}],"curies":[{"name":"wp","href":"https:\/\/api.w.org\/{rel}","templated":true}]}}