{"id":666065,"date":"2026-01-15T19:47:12","date_gmt":"2026-01-15T19:47:12","guid":{"rendered":"https:\/\/www.europesays.com\/fr\/666065\/"},"modified":"2026-01-15T19:47:12","modified_gmt":"2026-01-15T19:47:12","slug":"sept-ans-apres-le-chauffeur-et-keolis-renvoyes-devant-la-justice","status":"publish","type":"post","link":"https:\/\/www.europesays.com\/fr\/666065\/","title":{"rendered":"sept ans apr\u00e8s, le chauffeur et Keolis renvoy\u00e9s devant la justice"},"content":{"rendered":"<p>Sept ans apr\u00e8s l\u2019effroyable accident ayant co\u00fbt\u00e9 la vie \u00e0 Johanna Barth\u00e9l\u00e9my, 15 ans, les deux magistrats instructeurs lyonnais charg\u00e9s de l\u2019enqu\u00eate, ont ordonn\u00e9 le renvoi pour homicide involontaire devant le tribunal correctionnel de Lyon du conducteur de bus et de son employeur, la soci\u00e9t\u00e9 Keolis, cette filiale de la SNCF en charge de la gestion des transports en commun lyonnais (TCL).<\/p>\n<p>Si la date de l\u2019audience n\u2019a pas \u00e9t\u00e9 communiqu\u00e9e par le parquet de Lyon, c\u2019est l\u2019\u00e9pilogue d\u2019<a href=\"https:\/\/www.leprogres.fr\/rhone-69\/2019\/01\/17\/une-lyceenne-de-15-ans-meurt-ecrasee-sous-un-bus-articule\" target=\"_blank\" rel=\"noopener\">une \u00e9preuve interminable pour la m\u00e8re de la jeune fille<\/a>, Sandrine Barth\u00e9l\u00e9my, accompagn\u00e9e successivement par M e Jean Sannier puis par M e Gr\u00e9goire&#8230;<\/p>\n","protected":false},"excerpt":{"rendered":"Sept ans apr\u00e8s l\u2019effroyable accident ayant co\u00fbt\u00e9 la vie \u00e0 Johanna Barth\u00e9l\u00e9my, 15 ans, les deux magistrats instructeurs&hellip;\n","protected":false},"author":2,"featured_media":666066,"comment_status":"","ping_status":"","sticky":false,"template":"","format":"standard","meta":{"footnotes":""},"categories":[1889],"tags":[119,1111,11,2430,3542,2757,1777,674,274,107,1011,27,2428,2756,12,316,25,2429,2803],"class_list":{"0":"post-666065","1":"post","2":"type-post","3":"status-publish","4":"format-standard","5":"has-post-thumbnail","7":"category-lyon","8":"tag-accident","9":"tag-actu","10":"tag-actualites","11":"tag-auvergne-rhone-alpes","12":"tag-circulation","13":"tag-edition-lyon-villeurbanne","14":"tag-eu","15":"tag-europe","16":"tag-faits-divers-justice","17":"tag-fil-info","18":"tag-fr","19":"tag-france","20":"tag-lyon","21":"tag-lyon-bassin","22":"tag-news","23":"tag-politique","24":"tag-republique-francaise","25":"tag-rhone","26":"tag-transport"},"share_on_mastodon":{"url":"https:\/\/pubeurope.com\/@fr\/115900845035136947","error":""},"_links":{"self":[{"href":"https:\/\/www.europesays.com\/fr\/wp-json\/wp\/v2\/posts\/666065","targetHints":{"allow":["GET"]}}],"collection":[{"href":"https:\/\/www.europesays.com\/fr\/wp-json\/wp\/v2\/posts"}],"about":[{"href":"https:\/\/www.europesays.com\/fr\/wp-json\/wp\/v2\/types\/post"}],"author":[{"embeddable":true,"href":"https:\/\/www.europesays.com\/fr\/wp-json\/wp\/v2\/users\/2"}],"replies":[{"embeddable":true,"href":"https:\/\/www.europesays.com\/fr\/wp-json\/wp\/v2\/comments?post=666065"}],"version-history":[{"count":0,"href":"https:\/\/www.europesays.com\/fr\/wp-json\/wp\/v2\/posts\/666065\/revisions"}],"wp:featuredmedia":[{"embeddable":true,"href":"https:\/\/www.europesays.com\/fr\/wp-json\/wp\/v2\/media\/666066"}],"wp:attachment":[{"href":"https:\/\/www.europesays.com\/fr\/wp-json\/wp\/v2\/media?parent=666065"}],"wp:term":[{"taxonomy":"category","embeddable":true,"href":"https:\/\/www.europesays.com\/fr\/wp-json\/wp\/v2\/categories?post=666065"},{"taxonomy":"post_tag","embeddable":true,"href":"https:\/\/www.europesays.com\/fr\/wp-json\/wp\/v2\/tags?post=666065"}],"curies":[{"name":"wp","href":"https:\/\/api.w.org\/{rel}","templated":true}]}}