{"id":666067,"date":"2026-01-15T19:48:13","date_gmt":"2026-01-15T19:48:13","guid":{"rendered":"https:\/\/www.europesays.com\/fr\/666067\/"},"modified":"2026-01-15T19:48:13","modified_gmt":"2026-01-15T19:48:13","slug":"metropole-de-lyon-peintures-histoire-dinosaures-notre-selection-dexpositions-pour-bien-demarrer-lannee","status":"publish","type":"post","link":"https:\/\/www.europesays.com\/fr\/666067\/","title":{"rendered":"M\u00e9tropole de Lyon. Peintures, Histoire, dinosaures\u2026 Notre s\u00e9lection d\u2019expositions pour bien d\u00e9marrer l\u2019ann\u00e9e"},"content":{"rendered":"<p>De nombreuses expositions temporaires sont visibles dans les principaux mus\u00e9es lyonnais depuis plusieurs mois. Et elles sont toujours \u00e0 l\u2019affiche en ce d\u00e9but d\u2019ann\u00e9e 2026, que ce soit au mus\u00e9e Lugdunum, \u00e0 Gadagne, au mus\u00e9e des Beaux-Arts ou \u00e0 celui des Confluences.<\/p>\n<p>\u00c0 chaque fois, l\u2019achat d\u2019un billet peut aussi fournir l\u2019occasion de d\u00e9couvrir aussi les collections permanentes ou parfois les autres expositions en cours (il y en a 4 au total en ce moment au mus\u00e9e des Confluences). D\u2019autres lieux comme la Sucri\u00e8re, qui s\u2019int\u00e9resse au naufrage du Titanic, Mini World, toujours \u00e9pris de dinosaures anim\u00e9s, ou le Centre d\u2019histoire de la r\u00e9sistance et de la d\u00e9portation, compl\u00e8tent notre s\u00e9lection.<\/p>\n<p>Au mus\u00e9e des Beaux-Arts, l\u2019attraction picturale d\u2019\u00c9tretat<\/p>\n<p>C\u2019est une premi\u00e8re\u200a: le&#8230;<\/p>\n","protected":false},"excerpt":{"rendered":"De nombreuses expositions temporaires sont visibles dans les principaux mus\u00e9es lyonnais depuis plusieurs mois. Et elles sont toujours&hellip;\n","protected":false},"author":2,"featured_media":666068,"comment_status":"","ping_status":"","sticky":false,"template":"","format":"standard","meta":{"footnotes":""},"categories":[1889],"tags":[1111,11,2430,1687,3152,2757,3153,3154,3155,3156,1777,674,2271,107,1011,27,2428,12,25,2429,273,3151,5070],"class_list":{"0":"post-666067","1":"post","2":"type-post","3":"status-publish","4":"format-standard","5":"has-post-thumbnail","7":"category-lyon","8":"tag-actu","9":"tag-actualites","10":"tag-auvergne-rhone-alpes","11":"tag-culture-loisirs","12":"tag-edition-est-lyonnais","13":"tag-edition-lyon-villeurbanne","14":"tag-edition-ouest-lyonnais","15":"tag-edition-sud-lyonnais","16":"tag-edition-tarare","17":"tag-edition-villefranche","18":"tag-eu","19":"tag-europe","20":"tag-exposition-arts-plastiques","21":"tag-fil-info","22":"tag-fr","23":"tag-france","24":"tag-lyon","25":"tag-news","26":"tag-republique-francaise","27":"tag-rhone","28":"tag-selection-de-la-redaction","29":"tag-selection-de-la-redaction-69","30":"tag-vaulx-en-velin"},"share_on_mastodon":{"url":"https:\/\/pubeurope.com\/@fr\/115900848754834604","error":""},"_links":{"self":[{"href":"https:\/\/www.europesays.com\/fr\/wp-json\/wp\/v2\/posts\/666067","targetHints":{"allow":["GET"]}}],"collection":[{"href":"https:\/\/www.europesays.com\/fr\/wp-json\/wp\/v2\/posts"}],"about":[{"href":"https:\/\/www.europesays.com\/fr\/wp-json\/wp\/v2\/types\/post"}],"author":[{"embeddable":true,"href":"https:\/\/www.europesays.com\/fr\/wp-json\/wp\/v2\/users\/2"}],"replies":[{"embeddable":true,"href":"https:\/\/www.europesays.com\/fr\/wp-json\/wp\/v2\/comments?post=666067"}],"version-history":[{"count":0,"href":"https:\/\/www.europesays.com\/fr\/wp-json\/wp\/v2\/posts\/666067\/revisions"}],"wp:featuredmedia":[{"embeddable":true,"href":"https:\/\/www.europesays.com\/fr\/wp-json\/wp\/v2\/media\/666068"}],"wp:attachment":[{"href":"https:\/\/www.europesays.com\/fr\/wp-json\/wp\/v2\/media?parent=666067"}],"wp:term":[{"taxonomy":"category","embeddable":true,"href":"https:\/\/www.europesays.com\/fr\/wp-json\/wp\/v2\/categories?post=666067"},{"taxonomy":"post_tag","embeddable":true,"href":"https:\/\/www.europesays.com\/fr\/wp-json\/wp\/v2\/tags?post=666067"}],"curies":[{"name":"wp","href":"https:\/\/api.w.org\/{rel}","templated":true}]}}