{"id":666069,"date":"2026-01-15T19:50:13","date_gmt":"2026-01-15T19:50:13","guid":{"rendered":"https:\/\/www.europesays.com\/fr\/666069\/"},"modified":"2026-01-15T19:50:13","modified_gmt":"2026-01-15T19:50:13","slug":"et-si-la-franchise-etait-votre-accelerateur-de-reconversion","status":"publish","type":"post","link":"https:\/\/www.europesays.com\/fr\/666069\/","title":{"rendered":"Et si la franchise \u00e9tait votre acc\u00e9l\u00e9rateur de reconversion ?"},"content":{"rendered":"<p>En 2025, l\u2019\u00cele-de-France a confirm\u00e9 son statut de moteur \u00e9conomique avec pr\u00e8s de <strong>193.000 nouvelles immatriculations<\/strong> d\u2019entreprises sur les sept premiers mois de l\u2019ann\u00e9e. Au c\u0153ur de cette dynamique, une tendance de fond s\u2019installe : <strong>la progression constante de <a href=\"https:\/\/www.toute-la-franchise.com\/article-barometre-franchise-feminin\" target=\"_blank\" rel=\"noopener\">l\u2019entrepreneuriat f\u00e9minin, particuli\u00e8rement en franchise<\/a><\/strong>.<\/p>\n<p>Aujourd\u2019hui, la franchise n\u2019est plus seulement une option, c\u2019est un v\u00e9ritable catalyseur. Selon la derni\u00e8re enqu\u00eate Banque Populaire \/ FFF, <strong>46 % des franchis\u00e9s sont d\u00e9sormais des femmes<\/strong>, contre seulement 31 % en 2021. Chez les moins de 35 ans, ce chiffre grimpe m\u00eame \u00e0 deux sur trois.<\/p>\n<p>Mais pourquoi un tel engouement ?<\/p>\n<p>La franchise : entreprendre sans partir de z\u00e9ro<\/p>\n<p>Si de nombreuses femmes h\u00e9sitent encore \u00e0 se lancer, c\u2019est souvent par crainte de \u00ab l\u2019aventure en solitaire \u00bb. Et c\u2019est justement l\u00e0 que la franchise tire son \u00e9pingle du jeu. En proposant un mod\u00e8le \u00ab cl\u00e9 en main \u00bb, elle permet de b\u00e9n\u00e9ficier d\u2019un concept \u00e9prouv\u00e9, d\u2019une notori\u00e9t\u00e9 \u00e9tablie et d\u2019un accompagnement permanent.<\/p>\n<p>C\u2019est la r\u00e9ponse id\u00e9ale pour celles qui cherchent \u00e0 donner du sens \u00e0 leur carri\u00e8re tout en s\u00e9curisant leur parcours professionnel.<\/p>\n<p>\u00ab Osez en franchise \u00bb : Un apr\u00e8s-midi pour passer \u00e0 l\u2019action<\/p>\n<p>C\u2019est pour r\u00e9pondre \u00e0 ce besoin d\u2019accompagnement que Reconversion en franchise et la Cit\u00e9 des M\u00e9tiers de Paris co-organisent une demi-journ\u00e9e exceptionnelle le <strong>jeudi 29 janvier 2026<\/strong>.<\/p>\n<p>Plus qu\u2019une simple conf\u00e9rence, cet \u00e9v\u00e9nement est con\u00e7u comme un parcours p\u00e9dagogique en trois temps forts :<\/p>\n<p>1. Valider son profil et comprendre le mod\u00e8le<\/p>\n<p>La premi\u00e8re \u00e9tape consiste \u00e0 se poser les bonnes questions : \u00ab <a href=\"https:\/\/www.toute-la-franchise.com\/article-devenir-franchise-profil-reseaux\" target=\"_blank\" rel=\"noopener\">Ai-je le profil pour devenir franchis\u00e9e ?<\/a> \u00bb. <strong>Corinne Gicquel<\/strong>, fondatrice de Reconversion en Franchise, d\u00e9cryptera les cl\u00e9s du succ\u00e8s et les sp\u00e9cificit\u00e9s de ce mode de cr\u00e9ation.<\/p>\n<p>2. S\u2019informer sur le financement et les aides<\/p>\n<p>Parce que le nerf de la guerre reste le financement, deux experts viendront lever le voile sur les solutions disponibles en r\u00e9gion parisienne :<\/p>\n<ul>\n<li><strong>Pauline Guyau<\/strong> (Initiatives Paris) pr\u00e9sentera les dispositifs d\u2019aides financi\u00e8res territoriales.<\/li>\n<li><strong>Nicolas de Gourmont<\/strong> (Banque Populaire Rives de Paris) partagera ses 5 conseils essentiels pour b\u00e2tir un dossier de financement solide.<\/li>\n<li\/>\n<\/ul>\n<p>3. Rencontrer des enseignes et s\u2019inspirer de t\u00e9moignages r\u00e9els<\/p>\n<p>La th\u00e9orie laissera ensuite place au concret. Cinq enseignes aux secteurs vari\u00e9s seront pr\u00e9sentes pour t\u00e9moigner et r\u00e9pondre aux questions :<\/p>\n<ul>\n<li><strong>Heytens<\/strong> (Habillage des fen\u00eatres)<\/li>\n<li><strong>Club Pilates<\/strong> (Sport &amp; Bien-\u00eatre)<\/li>\n<li><strong>Smart Duck<\/strong> (Beaut\u00e9 &amp; \u00c9pilation d\u00e9finitive)<\/li>\n<li><strong>Guy Hoquet<\/strong> (Immobilier)<\/li>\n<li><strong>\u00c2ge d\u2019Or Services<\/strong> (Services aux seniors)<\/li>\n<\/ul>\n","protected":false},"excerpt":{"rendered":"En 2025, l\u2019\u00cele-de-France a confirm\u00e9 son statut de moteur \u00e9conomique avec pr\u00e8s de 193.000 nouvelles immatriculations d\u2019entreprises sur&hellip;\n","protected":false},"author":2,"featured_media":666070,"comment_status":"","ping_status":"","sticky":false,"template":"","format":"standard","meta":{"footnotes":""},"categories":[1592],"tags":[1111,11,1777,674,1011,27,662,12,626,25],"class_list":{"0":"post-666069","1":"post","2":"type-post","3":"status-publish","4":"format-standard","5":"has-post-thumbnail","7":"category-ile-de-france","8":"tag-actu","9":"tag-actualites","10":"tag-eu","11":"tag-europe","12":"tag-fr","13":"tag-france","14":"tag-ile-de-france","15":"tag-news","16":"tag-paris","17":"tag-republique-francaise"},"share_on_mastodon":{"url":"https:\/\/pubeurope.com\/@fr\/115900856696032481","error":""},"_links":{"self":[{"href":"https:\/\/www.europesays.com\/fr\/wp-json\/wp\/v2\/posts\/666069","targetHints":{"allow":["GET"]}}],"collection":[{"href":"https:\/\/www.europesays.com\/fr\/wp-json\/wp\/v2\/posts"}],"about":[{"href":"https:\/\/www.europesays.com\/fr\/wp-json\/wp\/v2\/types\/post"}],"author":[{"embeddable":true,"href":"https:\/\/www.europesays.com\/fr\/wp-json\/wp\/v2\/users\/2"}],"replies":[{"embeddable":true,"href":"https:\/\/www.europesays.com\/fr\/wp-json\/wp\/v2\/comments?post=666069"}],"version-history":[{"count":0,"href":"https:\/\/www.europesays.com\/fr\/wp-json\/wp\/v2\/posts\/666069\/revisions"}],"wp:featuredmedia":[{"embeddable":true,"href":"https:\/\/www.europesays.com\/fr\/wp-json\/wp\/v2\/media\/666070"}],"wp:attachment":[{"href":"https:\/\/www.europesays.com\/fr\/wp-json\/wp\/v2\/media?parent=666069"}],"wp:term":[{"taxonomy":"category","embeddable":true,"href":"https:\/\/www.europesays.com\/fr\/wp-json\/wp\/v2\/categories?post=666069"},{"taxonomy":"post_tag","embeddable":true,"href":"https:\/\/www.europesays.com\/fr\/wp-json\/wp\/v2\/tags?post=666069"}],"curies":[{"name":"wp","href":"https:\/\/api.w.org\/{rel}","templated":true}]}}