{"id":66607,"date":"2025-05-01T09:54:10","date_gmt":"2025-05-01T09:54:10","guid":{"rendered":"https:\/\/www.europesays.com\/fr\/66607\/"},"modified":"2025-05-01T09:54:10","modified_gmt":"2025-05-01T09:54:10","slug":"influenceurs-lyonnais-hugo-tournier-le-bodybuilder-sarcastique","status":"publish","type":"post","link":"https:\/\/www.europesays.com\/fr\/66607\/","title":{"rendered":"Influenceurs lyonnais. Hugo Tournier, le bodybuilder sarcastique"},"content":{"rendered":"<p>\t\t\t\t<img fetchpriority=\"high\" decoding=\"async\" width=\"900\" height=\"569\" src=\"https:\/\/www.europesays.com\/fr\/wp-content\/uploads\/2025\/05\/IMG_3463.jpg\" alt=\"\" title=\"Hugo Tournier\"   class=\"wp-image-158796\"\/><\/p>\n<p style=\"font-weight: 400;\"><strong>Texte : Margaux Nourry \u2013<\/strong> Se fier \u00e0 son physique serait se cantonner \u00e0 une montagne de muscles. Le coach sportif des programmes \u00ab 0 Timidit\u00e9 \u00bb r\u00eave bien d\u2019ouvrir sa propre salle. Mais Hugo Tournier, ce n\u2019est pas que \u00e7a. Le jeune homme n\u2019a surtout pas sa langue dans sa poche. Une qualit\u00e9 qu\u2019il met \u00e0 profit dans ses micro-trottoirs.<\/p>\n<p><a href=\"https:\/\/www.lyonpeople.com\/?attachment_id=158795\" rel=\"attachment wp-att-158795 noopener\" target=\"_blank\"><img loading=\"lazy\" decoding=\"async\" class=\"lazy lazy-hidden alignnone size-full wp-image-158795\" data-lazy-type=\"image\" src=\"https:\/\/www.europesays.com\/fr\/wp-content\/uploads\/2025\/05\/IMG_3464.jpg\" alt=\"\" width=\"900\" height=\"717\"  \/><\/a><\/p>\n<p style=\"font-weight: 400;\">Sa cible\u00a0: les jeunes femmes. Il arpente ainsi les rues de Lyon, un brin dragueur, taquin et sarcastique, afin de d\u00e9construire, questionner les arguments de \u00ab\u00a0f\u00e9ministes\u00a0\u00bb. Voire de les retourner contre elles. Des exemples\u00a0? Leur demander si elles pourraient vivre sans homme, puis les interroger sur leur body count (nombre de conqu\u00eates, ndlr), ou \u00e0 quoi ressemblerait leur id\u00e9al masculin (\u00ab\u00a0riche\u00a0\u00bb) pour leur faire remarquer que les femmes ne devraient pas gagner leur argent\u00a0elles-m\u00eames. Des d\u00e9bats muscl\u00e9s, assur\u00e9ment.<\/p>\n<p><strong>Abonn\u00e9s\u00a0: Instagram \u2013 332K \/ TikTok \u2013 199K \/ YouTube \u2013 86,5K<\/strong><\/p>\n","protected":false},"excerpt":{"rendered":"Texte : Margaux Nourry \u2013 Se fier \u00e0 son physique serait se cantonner \u00e0 une montagne de muscles.&hellip;\n","protected":false},"author":2,"featured_media":66608,"comment_status":"","ping_status":"","sticky":false,"template":"","format":"standard","meta":{"footnotes":""},"categories":[1889],"tags":[4257,1111,47,11,2430,1777,674,1011,27,2428,12,25],"class_list":{"0":"post-66607","1":"post","2":"type-post","3":"status-publish","4":"format-standard","5":"has-post-thumbnail","7":"category-lyon","8":"tag-0top","9":"tag-actu","10":"tag-actualite","11":"tag-actualites","12":"tag-auvergne-rhone-alpes","13":"tag-eu","14":"tag-europe","15":"tag-fr","16":"tag-france","17":"tag-lyon","18":"tag-news","19":"tag-republique-francaise"},"share_on_mastodon":{"url":"https:\/\/pubeurope.com\/@fr\/114431974703685591","error":""},"_links":{"self":[{"href":"https:\/\/www.europesays.com\/fr\/wp-json\/wp\/v2\/posts\/66607","targetHints":{"allow":["GET"]}}],"collection":[{"href":"https:\/\/www.europesays.com\/fr\/wp-json\/wp\/v2\/posts"}],"about":[{"href":"https:\/\/www.europesays.com\/fr\/wp-json\/wp\/v2\/types\/post"}],"author":[{"embeddable":true,"href":"https:\/\/www.europesays.com\/fr\/wp-json\/wp\/v2\/users\/2"}],"replies":[{"embeddable":true,"href":"https:\/\/www.europesays.com\/fr\/wp-json\/wp\/v2\/comments?post=66607"}],"version-history":[{"count":0,"href":"https:\/\/www.europesays.com\/fr\/wp-json\/wp\/v2\/posts\/66607\/revisions"}],"wp:featuredmedia":[{"embeddable":true,"href":"https:\/\/www.europesays.com\/fr\/wp-json\/wp\/v2\/media\/66608"}],"wp:attachment":[{"href":"https:\/\/www.europesays.com\/fr\/wp-json\/wp\/v2\/media?parent=66607"}],"wp:term":[{"taxonomy":"category","embeddable":true,"href":"https:\/\/www.europesays.com\/fr\/wp-json\/wp\/v2\/categories?post=66607"},{"taxonomy":"post_tag","embeddable":true,"href":"https:\/\/www.europesays.com\/fr\/wp-json\/wp\/v2\/tags?post=66607"}],"curies":[{"name":"wp","href":"https:\/\/api.w.org\/{rel}","templated":true}]}}