{"id":666073,"date":"2026-01-15T19:52:11","date_gmt":"2026-01-15T19:52:11","guid":{"rendered":"https:\/\/www.europesays.com\/fr\/666073\/"},"modified":"2026-01-15T19:52:11","modified_gmt":"2026-01-15T19:52:11","slug":"kpmg-devoile-make-the-difference-avec-havas-paris-image","status":"publish","type":"post","link":"https:\/\/www.europesays.com\/fr\/666073\/","title":{"rendered":"KPMG d\u00e9voile \u00ab Make The Difference \u00bb avec Havas Paris &#8211; Image"},"content":{"rendered":"<p>KPMG d\u00e9voile \u00ab Make The Difference \u00bb, sa nouvelle campagne de marque mondiale d\u00e9clin\u00e9e en France par Havas Paris. Cette prise de parole accompagne le repositionnement du cabinet en mettant en avant trois piliers : la confiance, l\u2019ing\u00e9niosit\u00e9 et la cr\u00e9ation de valeur.\n<\/p>\n<p>\u00c0 travers cette campagne, KPMG affirme le r\u00f4le central de la relation avec les dirigeants, pr\u00e9sent\u00e9e comme un levier cl\u00e9 pour \u00e9clairer les enjeux \u00e9conomiques, organisationnels et soci\u00e9taux auxquels les entreprises sont confront\u00e9es. Le dispositif valorise l\u2019expertise des \u00e9quipes du cabinet, son approche et ses technologies.<\/p>\n<p>La campagne s\u2019articule autour de la signature \u00ab Make The Difference \u00bb et cible les d\u00e9cideurs et leaders d\u2019opinion. Elle est diffus\u00e9e du 15 janvier au 22 f\u00e9vrier \u00e0 travers un dispositif combinant presse nationale et r\u00e9gionale, plateformes \u00e9conomiques, activations digitales et r\u00e9seaux sociaux, ainsi qu\u2019un partenariat presse.\n<\/p>\n<p>                 <img fetchpriority=\"high\" decoding=\"async\" loading=\"eager\"   width=\"800\" height=\"386\" src=\"https:\/\/www.europesays.com\/fr\/wp-content\/uploads\/2026\/01\/Visuels campagne de marque KPMG 2026_0.png\" alt=\"KPMG d\u00e9voile \u00ab Make The Difference \u00bb avec Havas Paris\" title=\"KPMG d\u00e9voile \u00ab Make The Difference \u00bb avec Havas Paris\" typeof=\"foaf:Image\"\/><\/p>\n","protected":false},"excerpt":{"rendered":"KPMG d\u00e9voile \u00ab Make The Difference \u00bb, sa nouvelle campagne de marque mondiale d\u00e9clin\u00e9e en France par Havas&hellip;\n","protected":false},"author":2,"featured_media":666074,"comment_status":"","ping_status":"","sticky":false,"template":"","format":"standard","meta":{"footnotes":""},"categories":[1888],"tags":[1111,1928,11,1927,1777,674,1011,27,12,1926,626,1925,25],"class_list":{"0":"post-666073","1":"post","2":"type-post","3":"status-publish","4":"format-standard","5":"has-post-thumbnail","7":"category-paris","8":"tag-actu","9":"tag-actu-paris","10":"tag-actualites","11":"tag-actualites-paris","12":"tag-eu","13":"tag-europe","14":"tag-fr","15":"tag-france","16":"tag-news","17":"tag-news-paris","18":"tag-paris","19":"tag-paris-news","20":"tag-republique-francaise"},"share_on_mastodon":{"url":"https:\/\/pubeurope.com\/@fr\/115900864704886071","error":""},"_links":{"self":[{"href":"https:\/\/www.europesays.com\/fr\/wp-json\/wp\/v2\/posts\/666073","targetHints":{"allow":["GET"]}}],"collection":[{"href":"https:\/\/www.europesays.com\/fr\/wp-json\/wp\/v2\/posts"}],"about":[{"href":"https:\/\/www.europesays.com\/fr\/wp-json\/wp\/v2\/types\/post"}],"author":[{"embeddable":true,"href":"https:\/\/www.europesays.com\/fr\/wp-json\/wp\/v2\/users\/2"}],"replies":[{"embeddable":true,"href":"https:\/\/www.europesays.com\/fr\/wp-json\/wp\/v2\/comments?post=666073"}],"version-history":[{"count":0,"href":"https:\/\/www.europesays.com\/fr\/wp-json\/wp\/v2\/posts\/666073\/revisions"}],"wp:featuredmedia":[{"embeddable":true,"href":"https:\/\/www.europesays.com\/fr\/wp-json\/wp\/v2\/media\/666074"}],"wp:attachment":[{"href":"https:\/\/www.europesays.com\/fr\/wp-json\/wp\/v2\/media?parent=666073"}],"wp:term":[{"taxonomy":"category","embeddable":true,"href":"https:\/\/www.europesays.com\/fr\/wp-json\/wp\/v2\/categories?post=666073"},{"taxonomy":"post_tag","embeddable":true,"href":"https:\/\/www.europesays.com\/fr\/wp-json\/wp\/v2\/tags?post=666073"}],"curies":[{"name":"wp","href":"https:\/\/api.w.org\/{rel}","templated":true}]}}