{"id":666080,"date":"2026-01-15T19:56:19","date_gmt":"2026-01-15T19:56:19","guid":{"rendered":"https:\/\/www.europesays.com\/fr\/666080\/"},"modified":"2026-01-15T19:56:19","modified_gmt":"2026-01-15T19:56:19","slug":"guerre-en-ukraine-la-russie-presse-kiev-de-capituler-et-la-france-se-substitue-aux-etats-unis","status":"publish","type":"post","link":"https:\/\/www.europesays.com\/fr\/666080\/","title":{"rendered":"Guerre en Ukraine : La Russie presse Kiev de capituler et la France se substitue aux Etats-Unis"},"content":{"rendered":"<p class=\"mb-4 text-lg md:leading-8 break-words\"><strong>R\u00e9cap &#8211; \u00ab\u00a020 Minutes\u00a0\u00bb fait le point pour vous tous les soirs sur le conflit en Ukraine. Ce jeudi, le Kremlin a press\u00e9 Kiev de capituler et Macron a fait la le\u00e7on aux Etats-Unis<\/strong><\/p>\n<p class=\"mb-4 text-lg md:leading-8 break-words\">Vous avez rat\u00e9 les derniers \u00e9v\u00e9nements sur la <a href=\"https:\/\/www.20minutes.fr\/monde\/ukraine\/?at_medium=RSS%20feed&amp;at_campaign=ynews&amp;utm_source=yahoo&amp;utm_medium=rss&amp;utm_campaign=news_feed&amp;utm_content=in_article_link\" rel=\"nofollow noopener\" target=\"_blank\" data-ylk=\"slk:guerre en Ukraine;elm:context_link;itc:0;sec:content-canvas\" class=\"link \">guerre en Ukraine<\/a>\u00a0? 20 Minutes fait le point pour vous tous les soirs. Voici l\u2019essentiel de ce jeudi 15\u00a0janvier, au 1.421e jour du conflit.<\/p>\n<p>Le fait du jour<\/p>\n<p class=\"mb-4 text-lg md:leading-8 break-words\">C\u2019est presque un appel \u00e0 la capitulation. Le Kremlin a estim\u00e9 jeudi que les opportunit\u00e9s se r\u00e9duisent pour l\u2019Ukraine si elle veut trouver une issue n\u00e9goci\u00e9e \u00e0 la guerre contre la Russie, apr\u00e8s plusieurs semaines de pourparlers infructueux initi\u00e9s <a href=\"https:\/\/www.20minutes.fr\/dossier\/donald_trump?at_medium=RSS%20feed&amp;at_campaign=ynews&amp;utm_source=yahoo&amp;utm_medium=rss&amp;utm_campaign=news_feed&amp;utm_content=in_article_link\" rel=\"nofollow noopener\" target=\"_blank\" data-ylk=\"slk:Donald Trump;elm:context_link;itc:0;sec:content-canvas\" class=\"link \">Donald Trump<\/a>. \u00ab\u00a0La situation se d\u00e9grade jour apr\u00e8s jour pour le r\u00e9gime de Kiev et sa fen\u00eatre pour prendre des d\u00e9cisions se r\u00e9duit [\u2026] Il est temps que <a href=\"https:\/\/www.20minutes.fr\/monde\/volodymyr-zelensky\/?at_medium=RSS%20feed&amp;at_campaign=ynews&amp;utm_source=yahoo&amp;utm_medium=rss&amp;utm_campaign=news_feed&amp;utm_content=in_article_link\" rel=\"nofollow noopener\" target=\"_blank\" data-ylk=\"slk:Zelensky;elm:context_link;itc:0;sec:content-canvas\" class=\"link \">Zelensky<\/a> prenne ses responsabilit\u00e9s et une d\u00e9cision appropri\u00e9e\u00a0\u00bb, a d\u00e9clar\u00e9 le porte-parole de <a href=\"https:\/\/www.20minutes.fr\/monde\/vladimir_poutine\/?at_medium=RSS%20feed&amp;at_campaign=ynews&amp;utm_source=yahoo&amp;utm_medium=rss&amp;utm_campaign=news_feed&amp;utm_content=in_article_link\" rel=\"nofollow noopener\" target=\"_blank\" data-ylk=\"slk:Vladimir Poutine;elm:context_link;itc:0;sec:content-canvas\" class=\"link \">Vladimir Poutine<\/a>, Dmitri Peskov, lors de son briefing \u00e0 la presse.<\/p>\n<p class=\"mb-4 text-lg md:leading-8 break-words\">Pour rappel, Moscou exige notamment que Kiev lui c\u00e8de enti\u00e8rement la r\u00e9gion ukrainienne de Donetsk, en Ukraine, qui reste l\u2019\u00e9picentre des combats. Le pr\u00e9sident russe a r\u00e9p\u00e9t\u00e9 fin\u00a02025 que la Russie atteindra ses objectifs en Ukraine \u00ab\u00a0par la voie militaire\u00a0\u00bb, si les n\u00e9gociations \u00e9chouaient.<\/p>\n<p class=\"mb-4 text-lg md:leading-8 break-words\">Sur le front, son arm\u00e9e, plus nombreuse, continue de progresser lentement dans certains secteurs, en d\u00e9pit de lourdes pertes.<\/p>\n<p>La d\u00e9claration du jour<\/p>\n<blockquote class=\"mb-4 border-l-2 pl-5 italic text-tertiary\">\n<p class=\"mb-4 text-lg md:leading-8 break-words\">L\u00e0 o\u00f9 l\u2019Ukraine \u00e9tait \u00e9minemment d\u00e9pendante des capacit\u00e9s de renseignement am\u00e9ricaines \u00e0 une \u00e9crasante majorit\u00e9 il y a un an, aujourd\u2019hui, les deux tiers sont fournis par la France.<\/p>\n<\/blockquote>\n<p class=\"mb-4 text-lg md:leading-8 break-words\">Une affirmation d\u2019Emmanuel Macron lors de ses v\u0153ux aux Arm\u00e9es ce jeudi sur la base a\u00e9rienne d\u2019Istres et une pie(&#8230;)<\/p>\n<p class=\"mb-4 text-lg md:leading-8 break-words\"><a href=\"https:\/\/www.20minutes.fr\/monde\/ukraine\/4196292-20260115-guerre-ukraine-russie-presse-kiev-capituler-france-substitue-etats-unis?at_medium=RSS%20feed&amp;at_campaign=ynews&amp;utm_source=yahoo&amp;utm_medium=rss&amp;utm_campaign=news_feed&amp;utm_content=read_more_link&quot;\" rel=\"nofollow noopener\" target=\"_blank\" data-ylk=\"slk:Lire la suite sur 20minutes;elm:context_link;itc:0;sec:content-canvas\" class=\"link \">Lire la suite sur 20minutes<\/a><\/p>\n<p>\u00c0 lire aussi :<br \/><a href=\"https:\/\/www.20minutes.fr\/monde\/ukraine\/4195981-20260115-guerre-ukraine-europe-quoi-fournir-largement-ukraine-armement-condition-vouloir?at_medium=RSS%20feed&amp;at_campaign=ynews&amp;utm_source=yahoo&amp;utm_medium=rss&amp;utm_campaign=news_feed&amp;utm_content=related_content_link\" rel=\"nofollow noopener\" target=\"_blank\" data-ylk=\"slk:Guerre en Ukraine\u00a0: \u00ab\u00a0L\u2019Europe aurait de quoi fournir largement l\u2019Ukraine en armement, \u00e0 condition de le vouloir\u00a0\u00bb;elm:context_link;itc:0;sec:content-canvas\" class=\"link \">Guerre en Ukraine\u00a0: \u00ab\u00a0L\u2019Europe aurait de quoi fournir largement l\u2019Ukraine en armement, \u00e0 condition de le vouloir\u00a0\u00bb<\/a><br \/><a href=\"https:\/\/www.20minutes.fr\/monde\/ukraine\/4196061-20260114-guerre-ukraine-attaque-mortelle-russie-armes-europeennes-evacuations?at_medium=RSS%20feed&amp;at_campaign=ynews&amp;utm_source=yahoo&amp;utm_medium=rss&amp;utm_campaign=news_feed&amp;utm_content=related_content_link\" rel=\"nofollow noopener\" target=\"_blank\" data-ylk=\"slk:Guerre en Ukraine\u00a0: Attaques mortelles en Russie, armes europ\u00e9ennes, et \u00e9vacuations;elm:context_link;itc:0;sec:content-canvas\" class=\"link \">Guerre en Ukraine\u00a0: Attaques mortelles en Russie, armes europ\u00e9ennes, et \u00e9vacuations<\/a><\/p>\n","protected":false},"excerpt":{"rendered":"R\u00e9cap &#8211; \u00ab\u00a020 Minutes\u00a0\u00bb fait le point pour vous tous les soirs sur le conflit en Ukraine. Ce&hellip;\n","protected":false},"author":2,"featured_media":666081,"comment_status":"","ping_status":"","sticky":false,"template":"","format":"standard","meta":{"footnotes":""},"categories":[1590],"tags":[642,11,5438,75,1777,674,11229,4998,5493,12,220,135],"class_list":{"0":"post-666080","1":"post","2":"type-post","3":"status-publish","4":"format-standard","5":"has-post-thumbnail","7":"category-ukraine","8":"tag-20-minutes","9":"tag-actualites","10":"tag-dmitri-peskov","11":"tag-donald-trump","12":"tag-eu","13":"tag-europe","14":"tag-kiev","15":"tag-kremlin","16":"tag-lukraine","17":"tag-news","18":"tag-ukraine","19":"tag-vladimir-poutine"},"share_on_mastodon":{"url":"https:\/\/pubeurope.com\/@fr\/115900880226243828","error":""},"_links":{"self":[{"href":"https:\/\/www.europesays.com\/fr\/wp-json\/wp\/v2\/posts\/666080","targetHints":{"allow":["GET"]}}],"collection":[{"href":"https:\/\/www.europesays.com\/fr\/wp-json\/wp\/v2\/posts"}],"about":[{"href":"https:\/\/www.europesays.com\/fr\/wp-json\/wp\/v2\/types\/post"}],"author":[{"embeddable":true,"href":"https:\/\/www.europesays.com\/fr\/wp-json\/wp\/v2\/users\/2"}],"replies":[{"embeddable":true,"href":"https:\/\/www.europesays.com\/fr\/wp-json\/wp\/v2\/comments?post=666080"}],"version-history":[{"count":0,"href":"https:\/\/www.europesays.com\/fr\/wp-json\/wp\/v2\/posts\/666080\/revisions"}],"wp:featuredmedia":[{"embeddable":true,"href":"https:\/\/www.europesays.com\/fr\/wp-json\/wp\/v2\/media\/666081"}],"wp:attachment":[{"href":"https:\/\/www.europesays.com\/fr\/wp-json\/wp\/v2\/media?parent=666080"}],"wp:term":[{"taxonomy":"category","embeddable":true,"href":"https:\/\/www.europesays.com\/fr\/wp-json\/wp\/v2\/categories?post=666080"},{"taxonomy":"post_tag","embeddable":true,"href":"https:\/\/www.europesays.com\/fr\/wp-json\/wp\/v2\/tags?post=666080"}],"curies":[{"name":"wp","href":"https:\/\/api.w.org\/{rel}","templated":true}]}}