{"id":666083,"date":"2026-01-15T19:58:14","date_gmt":"2026-01-15T19:58:14","guid":{"rendered":"https:\/\/www.europesays.com\/fr\/666083\/"},"modified":"2026-01-15T19:58:14","modified_gmt":"2026-01-15T19:58:14","slug":"tdf-tour-de-france-les-3-premieres-etapes-du-tour-de-france-2027-au-royaume-uni","status":"publish","type":"post","link":"https:\/\/www.europesays.com\/fr\/666083\/","title":{"rendered":"TDF. Tour de France &#8211; Les 3 premi\u00e8res \u00e9tapes du Tour de France 2027 au Royaume-Uni !"},"content":{"rendered":"<p>Les organisateurs du <strong><a href=\"https:\/\/www.cyclismactu.net\/..\/news-tour-de-france-en-attendant-juillet-voici-parcours-du-tour-de-france-2026-91446.html\" target=\"_blank\" rel=\"noopener\">Tour de France<\/a> <\/strong>ont lev\u00e9 le voile, ce jeudi, sur le trac\u00e9 des premi\u00e8res \u00e9tapes au Royaume-Uni de l\u2019\u00e9dition 2027, programm\u00e9e du 2 au 25 juillet. Apr\u00e8s avoir officialis\u00e9 en mars le choix d\u2019\u00c9dimbourg comme ville de d\u00e9part, les responsables de la Grande Boucle ont pr\u00e9cis\u00e9 le profil des trois premi\u00e8res journ\u00e9es de course. Le\u00a0peloton passera \u00e0 travers l\u2019\u00c9cosse, l\u2019Angleterre et le Pays de Galles, avant le retour en France.<\/p>\n<p>Vid\u00e9o &#8211; Le parcours du Tour de France 2026 Lire la suite de l&rsquo;article&#13;<\/p>\n<p>\u00a0<\/p>\n<p>&#13;<br \/>\nDeux journ\u00e9es pour sprinteurs, avant de laisser place aux puncheurs&#13;<\/p>\n<p>La premi\u00e8re \u00e9tape se d\u00e9roulera en grande partie en \u00c9cosse, \u00e0 travers des paysages de landes et un environnement tr\u00e8s rural, avant une entr\u00e9e en Angleterre pour une arriv\u00e9e au ch\u00e2teau de Carlisle. Le deuxi\u00e8me jour, le d\u00e9part sera donn\u00e9 \u00e0 Keswick, au c\u0153ur du parc national du Lake District, avant une arriv\u00e9e \u00e0 Liverpool. Le triptyque s\u2019ach\u00e8vera par une troisi\u00e8me \u00e9tape int\u00e9gralement trac\u00e9e au pays de Galles, entre Welshpool et Cardiff, avec sept ascensions r\u00e9pertori\u00e9es, notamment dans l\u2019ancien bassin minier.<\/p>\n<p>&#13;<\/p>\n<p>\u00ab\u00a0Le Royaume-Uni a toujours accueilli le Tour avec passion et  fiert\u00e9 et les parcours que nous r\u00e9v\u00e9lons aujourd\u2019hui refl\u00e8tent la beaut\u00e9  et la diversit\u00e9 des paysages Britanniques\u00a0\u00bb, explique <strong>Christian Prudhomme<\/strong>, directeur du Tour de France. \u00ab\u00a0Accueillir les deux Grands  D\u00e9parts ici t\u00e9moigne de la solidit\u00e9 de notre partenariat avec British  Cycling et de l\u2019enthousiasme du Royaume-Uni.\u00a0\u00bb<\/p>\n<p>&#13;<\/p>\n<p>\u00ab\u00a0Ces parcours atteindront des territoires que peu d\u2019autres  \u00e9v\u00e9nements peuvent toucher et donneront aux habitants une nouvelle  raison d\u2019\u00eatre fiers de leur lieu de vie\u00a0\u00bb, poursuit\u00a0<strong>Stephanie Peacock<\/strong>, Ministre des Sports, du Tourisme, de la Soci\u00e9t\u00e9 Civile et de la Jeunesse, du gouvernement britannique.\u00a0Partout ils verront des  cyclistes de classe mondiale traverser leurs villes, longer leurs rues  principales et peut-\u00eatre m\u00eame passer juste devant leur porte.\u00a0Des  \u00e9v\u00e9nements comme le Tour de France et le Tour de France Femmes avec  Swift rassemblent les communaut\u00e9s, dynamisent les \u00e9conomies locales et  incitent davantage de personnes \u00e0 d\u00e9couvrir les bienfaits du sport. Nous  sommes impatients d\u2019accueillir ces courses embl\u00e9matiques l\u2019an prochain.\u00a0\u00bb<\/p>\n<p>&#13;<\/p>\n<blockquote class=\"twitter-tweet\" style=\"width:100%!important;max-width:550px!important;min-width:250px;height:500px;\"><p>&#13;<\/p>\n<p dir=\"ltr\" lang=\"en\">Ten host locations. Six stages. Two races. One Grand D\u00e9part!<\/p>\n<p>It&rsquo;s official. The Tour de France and Tour de France Femmes avec Zwift are coming to Britain in 2027 &#8211; and now, for the first time, we can finally reveal where ?<a href=\"https:\/\/twitter.com\/LeTour?ref_src=twsrc%5Etfw\" target=\"_blank\" rel=\"noopener\">@LeTour<\/a> | <a href=\"https:\/\/twitter.com\/LeTourFemmes?ref_src=twsrc%5Etfw\" target=\"_blank\" rel=\"noopener\">@LeTourFemmes<\/a> <a href=\"https:\/\/t.co\/eRO47Z4NdK\">pic.twitter.com\/eRO47Z4NdK<\/a><\/p>\n<p>&#13;<br \/>\n\u2014 Le Tour de France UK (@letour_uk) <a href=\"https:\/\/twitter.com\/letour_uk\/status\/2011860936416452991?ref_src=twsrc%5Etfw\" target=\"_blank\" rel=\"noopener\">January 15, 2026<\/a><\/p><\/blockquote>\n<p>&#13;<br \/>\n&#13;<\/p>\n<p>\u00a0<\/p>\n<p>&#13;<br \/>\nLe parcours des 3 premi\u00e8re \u00e9tapes&#13;<\/p>\n<p>Vendredi 2 juillet 2027 &#8211; <strong>\u00c9tape 1<\/strong> &#8211; Edimbourg &gt; Carlisle \/ 184km<\/p>\n<p>&#13;<\/p>\n<p><img decoding=\"async\" src=\"https:\/\/www.europesays.com\/fr\/wp-content\/uploads\/2026\/01\/tdf27_1.jpg\" style=\"max-width:100%;max-height:100%;\" alt=\"image\" loading=\"lazy\"\/><\/p>\n<p>&#13;<\/p>\n<p>\u00a0<\/p>\n<p>&#13;<\/p>\n<p>Samedi 3 juillet 2027 &#8211; <strong>\u00c9tape 2<\/strong>\u00a0&#8211; Keswick &gt; Liverpool \/ 223km<\/p>\n<p>&#13;<\/p>\n<p><img decoding=\"async\" src=\"https:\/\/www.europesays.com\/fr\/wp-content\/uploads\/2026\/01\/tdf27_2.jpg\" style=\"max-width:100%;max-height:100%;\" alt=\"image\" loading=\"lazy\"\/><\/p>\n<p>&#13;<\/p>\n<p>\u00a0<\/p>\n<p>&#13;<\/p>\n<p>Dimanche 4 juillet 2027 &#8211; <strong>\u00c9tape 3<\/strong>\u00a0&#8211; Welshpool &gt; Cardiff \/ 223km<\/p>\n<p>&#13;<\/p>\n<p><img decoding=\"async\" src=\"https:\/\/www.europesays.com\/fr\/wp-content\/uploads\/2026\/01\/tdf27_3.jpg\" style=\"max-width:100%;max-height:100%;\" alt=\"image\" loading=\"lazy\"\/><\/p>\n<p><script async src=\"https:\/\/platform.twitter.com\/widgets.js\" charset=\"utf-8\"><\/script><\/p>\n","protected":false},"excerpt":{"rendered":"Les organisateurs du Tour de France ont lev\u00e9 le voile, ce jeudi, sur le trac\u00e9 des premi\u00e8res \u00e9tapes&hellip;\n","protected":false},"author":2,"featured_media":666084,"comment_status":"","ping_status":"","sticky":false,"template":"","format":"standard","meta":{"footnotes":""},"categories":[1588],"tags":[11,207,1777,674,211,12,209,473,1853,210,212,1851,1850,1852,208,213],"class_list":{"0":"post-666083","1":"post","2":"type-post","3":"status-publish","4":"format-standard","5":"has-post-thumbnail","7":"category-royaume-uni","8":"tag-actualites","9":"tag-cyclisme","10":"tag-eu","11":"tag-europe","12":"tag-ffc","13":"tag-news","14":"tag-route","15":"tag-royaume-uni","16":"tag-royaume-uni-de-grande-bretagne-et-dirlande-du-nord","17":"tag-tour-de-france","18":"tag-uci","19":"tag-uk","20":"tag-united-kingdom","21":"tag-united-kingdom-of-great-britain-and-northern-ireland","22":"tag-velo","23":"tag-world-tour"},"share_on_mastodon":{"url":"https:\/\/pubeurope.com\/@fr\/115900888312490914","error":""},"_links":{"self":[{"href":"https:\/\/www.europesays.com\/fr\/wp-json\/wp\/v2\/posts\/666083","targetHints":{"allow":["GET"]}}],"collection":[{"href":"https:\/\/www.europesays.com\/fr\/wp-json\/wp\/v2\/posts"}],"about":[{"href":"https:\/\/www.europesays.com\/fr\/wp-json\/wp\/v2\/types\/post"}],"author":[{"embeddable":true,"href":"https:\/\/www.europesays.com\/fr\/wp-json\/wp\/v2\/users\/2"}],"replies":[{"embeddable":true,"href":"https:\/\/www.europesays.com\/fr\/wp-json\/wp\/v2\/comments?post=666083"}],"version-history":[{"count":0,"href":"https:\/\/www.europesays.com\/fr\/wp-json\/wp\/v2\/posts\/666083\/revisions"}],"wp:featuredmedia":[{"embeddable":true,"href":"https:\/\/www.europesays.com\/fr\/wp-json\/wp\/v2\/media\/666084"}],"wp:attachment":[{"href":"https:\/\/www.europesays.com\/fr\/wp-json\/wp\/v2\/media?parent=666083"}],"wp:term":[{"taxonomy":"category","embeddable":true,"href":"https:\/\/www.europesays.com\/fr\/wp-json\/wp\/v2\/categories?post=666083"},{"taxonomy":"post_tag","embeddable":true,"href":"https:\/\/www.europesays.com\/fr\/wp-json\/wp\/v2\/tags?post=666083"}],"curies":[{"name":"wp","href":"https:\/\/api.w.org\/{rel}","templated":true}]}}