{"id":666085,"date":"2026-01-15T19:59:10","date_gmt":"2026-01-15T19:59:10","guid":{"rendered":"https:\/\/www.europesays.com\/fr\/666085\/"},"modified":"2026-01-15T19:59:10","modified_gmt":"2026-01-15T19:59:10","slug":"allemagne-2026-decouvrez-les-candidats-du-das-deutsche-finale","status":"publish","type":"post","link":"https:\/\/www.europesays.com\/fr\/666085\/","title":{"rendered":"Allemagne 2026 : D\u00e9couvrez les candidats du Das Deutsche Finale"},"content":{"rendered":"<p><strong>Guten Abend ! Les candidats de la s\u00e9lection allemande pour l\u2019Eurovision 2026 viennent d\u2019\u00eatre annonc\u00e9s sur le compte Instagram de la d\u00e9l\u00e9gation. <\/strong><\/p>\n<p>Nous retrouverons donc :<\/p>\n<ul class=\"wp-block-list\">\n<li>BELA \u2013 Herz<\/li>\n<li>Dreamboys The Band \u2013 Jeanie<\/li>\n<li>Laura Nahr \u2013 Wonderland<\/li>\n<li>Malou Lovis \u2013 When I\u2019m With You<\/li>\n<li>Molly Sue \u2013 Optimist (Ha Ha Ha)<\/li>\n<li>MYLE \u2013 A Ok<\/li>\n<li>Ragazzki \u2013 Ciao Ragazzki<\/li>\n<li>Sarah Engels \u2013 Fire<\/li>\n<li>Wavvyboi \u2013 Black Glitter<\/li>\n<\/ul>\n<p>La d\u00e9l\u00e9gation allemande a par ailleurs publi\u00e9 dans son post quelques secondes de chaque chanson sans publier l\u2019int\u00e9gralit\u00e9 des morceaux pour le moment.<\/p>\n<p>Quelques noms sont d\u00e9j\u00e0 pr\u00e9sents dans le paysage musical allemand, comme <strong>Wavvyboi<\/strong>, qui a sorti un premier album en 2022 et plusieurs singles, comme no one en collaboration avec Kelvyn Colt.<\/p>\n<\/p>\n<p>Autre nom \u00e9mergent, <strong>Sarah Engels<\/strong> a sorti un album en 2025 qui a bien march\u00e9, port\u00e9 par le titre F\u00fcr immer.<\/p>\n<\/p>\n<p><strong>Myle <\/strong>est \u00e9galement un artiste avec quelques succ\u00e8s r\u00e9cents, \u00e0 l\u2019instar de ses titres Not Ready et Mutual.<\/p>\n<\/p>\n<p><strong>Malou Lovis<\/strong> a de son c\u00f4t\u00e9 un premier album sorti en 2025 avec \u00e9galement plusieurs singles \u00e0 son actif, comme Glacial Rivers.<\/p>\n<\/p>\n<p>Quoi qu\u2019il en soit, les chansons devraient \u00eatre bient\u00f4t r\u00e9v\u00e9l\u00e9es pour que l\u2019on puisse se faire une meilleure opinion des options possibles pour l\u2019Allemagne cette ann\u00e9e.<\/p>\n<p><strong>Et vous, que pensez-vous des artistes retenus pour participer \u00e0 la finale du 28 f\u00e9vrier ? \u00c0 vos commentaires, et tsch\u00fcss !<\/strong><\/p>\n<p>Cr\u00e9dit image : @eurovision_de (Instagram)<\/p>\n<p>J\u2019aime \u00e7a\u00a0:<\/p>\n<p>J\u2019aime chargement\u2026<\/p>\n<p><a class=\"sd-link-color\"\/><\/p>\n<p>\n\tSimilaire<\/p>\n","protected":false},"excerpt":{"rendered":"Guten Abend ! Les candidats de la s\u00e9lection allemande pour l\u2019Eurovision 2026 viennent d\u2019\u00eatre annonc\u00e9s sur le compte&hellip;\n","protected":false},"author":2,"featured_media":666086,"comment_status":"","ping_status":"","sticky":false,"template":"","format":"standard","meta":{"footnotes":""},"categories":[1587],"tags":[11,672,1804,1805,1803,1777,674,1801,12,1802],"class_list":{"0":"post-666085","1":"post","2":"type-post","3":"status-publish","4":"format-standard","5":"has-post-thumbnail","7":"category-allemagne","8":"tag-actualites","9":"tag-allemagne","10":"tag-bundesrepublik-deutschland","11":"tag-de","12":"tag-deutschland","13":"tag-eu","14":"tag-europe","15":"tag-germany","16":"tag-news","17":"tag-republique-federale-dallemagne"},"share_on_mastodon":{"url":"https:\/\/pubeurope.com\/@fr\/115900892094982345","error":""},"_links":{"self":[{"href":"https:\/\/www.europesays.com\/fr\/wp-json\/wp\/v2\/posts\/666085","targetHints":{"allow":["GET"]}}],"collection":[{"href":"https:\/\/www.europesays.com\/fr\/wp-json\/wp\/v2\/posts"}],"about":[{"href":"https:\/\/www.europesays.com\/fr\/wp-json\/wp\/v2\/types\/post"}],"author":[{"embeddable":true,"href":"https:\/\/www.europesays.com\/fr\/wp-json\/wp\/v2\/users\/2"}],"replies":[{"embeddable":true,"href":"https:\/\/www.europesays.com\/fr\/wp-json\/wp\/v2\/comments?post=666085"}],"version-history":[{"count":0,"href":"https:\/\/www.europesays.com\/fr\/wp-json\/wp\/v2\/posts\/666085\/revisions"}],"wp:featuredmedia":[{"embeddable":true,"href":"https:\/\/www.europesays.com\/fr\/wp-json\/wp\/v2\/media\/666086"}],"wp:attachment":[{"href":"https:\/\/www.europesays.com\/fr\/wp-json\/wp\/v2\/media?parent=666085"}],"wp:term":[{"taxonomy":"category","embeddable":true,"href":"https:\/\/www.europesays.com\/fr\/wp-json\/wp\/v2\/categories?post=666085"},{"taxonomy":"post_tag","embeddable":true,"href":"https:\/\/www.europesays.com\/fr\/wp-json\/wp\/v2\/tags?post=666085"}],"curies":[{"name":"wp","href":"https:\/\/api.w.org\/{rel}","templated":true}]}}