{"id":66609,"date":"2025-05-01T09:55:08","date_gmt":"2025-05-01T09:55:08","guid":{"rendered":"https:\/\/www.europesays.com\/fr\/66609\/"},"modified":"2025-05-01T09:55:08","modified_gmt":"2025-05-01T09:55:08","slug":"les-entrees-saturees-de-bouchons-la-situation-va-durer-en-mai","status":"publish","type":"post","link":"https:\/\/www.europesays.com\/fr\/66609\/","title":{"rendered":"les entr\u00e9es satur\u00e9es de bouchons, la situation va durer en mai"},"content":{"rendered":"<p>            Par<br \/>\n        <strong><br \/>\n            <a href=\"https:\/\/actu.fr\/auteur\/nicolas-zaugra\" title=\"Consulter tous les articles de Nicolas Zaugra\" target=\"_blank\" rel=\"noopener\">Nicolas Zaugra<\/a><br \/>\n        <\/strong><\/p>\n<p>        Publi\u00e9 le<\/p>\n<p>            1 mai 2025 \u00e0 11h24        <\/p>\n<p>Un vrai casse-t\u00eate qui s\u2019ajoute aux nombreux travaux d\u00e9j\u00e0 en cours dans la m\u00e9tropole de <a href=\"https:\/\/actu.fr\/auvergne-rhone-alpes\/lyon_69123\" target=\"_blank\" rel=\"noopener\">Lyon<\/a>. La <a href=\"https:\/\/actu.fr\/auvergne-rhone-alpes\/oullins-pierre-benite_69149\/ce-pont-de-l-a7-a-l-entree-de-lyon-en-travaux-un-sens-ferme-a-la-circulation_62551047.html\" target=\"_blank\" rel=\"noopener\">fermeture du viaduc de Pierre-B\u00e9nite<\/a> qui permet de franchir le Rh\u00f4ne sur l\u2019<a href=\"https:\/\/actu.fr\/tag\/autoroute-7-a7\" target=\"_blank\" rel=\"noopener\">A7<\/a> dans le <strong>sens Marseille-Lyon<\/strong> et d\u2019entrer dans la ville provoque depuis mercredi d\u2019importants bouchons. De nombreux automobilistes se sont retrouv\u00e9s pi\u00e9g\u00e9s dans les bouchons, et d\u00e8s 6h du matin, ce mercredi 30 avril 2025. D\u2019autres journ\u00e9es noires sont annonc\u00e9es. Le viaduc en travaux est ferm\u00e9 plusieurs jours pour le pont f\u00e9ri\u00e9 du 1er et du 8 mai mais aussi fin mai et d\u00e9but juin\u2026<\/p>\n<p>Les entr\u00e9es de Lyon satur\u00e9es, plus d\u2019une heure pour quelques kilom\u00e8tres<\/p>\n<p class=\" wall-content\">\u00ab\u00a0Quelle id\u00e9e de <a href=\"https:\/\/actu.fr\/auvergne-rhone-alpes\/oullins-pierre-benite_69149\/pres-de-lyon-ce-pont-de-l-a7-bientot-en-travaux-attention-galere-en-vue_61932006.html\" target=\"_blank\" rel=\"noopener\">fermer le pont de Pierre-B\u00e9nite<\/a> sur l\u2019A7 le premier grand week-end de d\u00e9part dans le sud. Je suis dans les bouchons pour rentrer seulement \u00e0 Condrieu\u00a0\u00bb, s\u2019agace un automobiliste, David, qui qualifie la situation de \u00ab\u00a0gros bordel\u00a0\u00bb.\u00a0<\/p>\n<p class=\" wall-content\">\u00ab\u00a01h15 pour rentrer de Chassieu ce soir\u00a0\u00bb, d\u00e9plore C\u00e9line mercredi soir. \u00ab\u00a0J\u2019ai mis 1h45 pour faire Chaponnay-Millery\u00a0\u00bb, affirme Laurent. Pour Olivier, hier matin, c\u2019\u00e9tait aussi l\u2019enfer pour entrer dans Lyon apr\u00e8s un rendez-vous professionnel dans le sud de la m\u00e9tropole. 30 minutes pour acc\u00e9der au p\u00e9riph\u00e9rique qui \u00e9tait compl\u00e8tement \u00ab\u00a0satur\u00e9\u00a0\u00bb et hors heure de pointe.<\/p>\n<blockquote class=\"ac-article-quote wall-content\">\n<p>J&rsquo;avais un rendez vous super important ce matin, m\u00eame en partant 1h15 en avance je suis arriv\u00e9e avec 1h de retard. C&rsquo;\u00e9tait un enfer, \u00e7a n&rsquo;avan\u00e7ait que de quelque m\u00e8tres par quelques m\u00e8tres et m\u00eame sur les axes hors p\u00e9riph\u00e9rique tout \u00e9tait satur\u00e9. <\/p>\n<p>    <strong>Justine, automobiliste<\/strong>\n            <\/p><\/blockquote>\n<p class=\" wall-content\">\u00ab\u00a060 minutes pour faire un trajet de 10min de Solaize \u00e0 Vernaison, et c\u2019est les vacances alors imaginez la semaine prochaine quand les gens reprendront le boulot et les \u00e9coles\u2026\u00a0\u00bb, d\u00e9plore Antoine.<\/p>\n<p>Le quartier de Gerland transform\u00e9 en goulot d\u2019\u00e9tranglement<\/p>\n<p class=\" wall-content\">C\u2019est surtout le quartier de Gerland (7e arrondissement) qui a vu d\u00e9ferler des automobilistes en masse et s\u2019est transform\u00e9 en goulot d\u2019\u00e9tranglement \u00e0 cause des <a href=\"https:\/\/actu.fr\/auvergne-rhone-alpes\/lyon_69123\/lyon-l-arret-en-urgence-du-chantier-de-tramway-t10-demandee-la-justice-doit-trancher_62486658.html\" target=\"_blank\" rel=\"noopener\">travaux en cours du tramway T10<\/a>.\u00a0<\/p>\n<p class=\" wall-content\">\u00ab\u00a01h20 ce soir pour faire 5 kilom\u00e8tres pour rentrer sur Gerland ce soir !\u00a0\u00bb, t\u00e9moigne un autre automobiliste qui a emprunt\u00e9 ce secteur en heure de pointe de fin de journ\u00e9e. \u00ab\u00a0L\u2019avenue est d\u00e9fonc\u00e9es, il y a des engins de chantier de partout\u00a0\u00bb, d\u00e9crit Louise, en \u00e9voquant les travaux du T10 en cours entre Gerland et Saint-Fons et qui n\u2019ont pas arrang\u00e9 les conditions de circulation.\u00a0<\/p>\n<p class=\" wall-content\">Certains \u00e9taient bloqu\u00e9s dans le secteur en venant du p\u00e9riph\u00e9rique d\u00e8s 6h\/6h30. Un niveau de bouchons inhabituels pour cette heure aux entr\u00e9es de Lyon.<\/p>\n<p>Le viaduc de l\u2019A7 ferm\u00e9 plusieurs jours en mai et juin<\/p>\n<p class=\" wall-content\">Cette fermeture \u00ab\u00a0exceptionnelle\u00a0\u00bb du viaduc de l\u2019A7 dans le sens Marseille-Lyon va s\u2019\u00e9taler durant plusieurs jours et concerner deux ponts f\u00e9ri\u00e9s.\u00a0<\/p>\n<p class=\" wall-content\">Mardi 29 avril 2025 \u00e0 21h au dimanche 4 mai 2025 \u00e0 12h, Mercredi 7 mai 2025 \u00e0 21h au dimanche 11 mai 2025 \u00e0 12h, Mercredi 28 mai 2025 \u00e0 21h au dimanche 1\u1d49\u02b3 juin 2025 \u00e0 12h et vendredi 6 juin 2025 \u00e0 21h au lundi 9 juin 2025 \u00e0 12h.<\/p>\n<p class=\" wall-content\">Des itin\u00e9raires de d\u00e9viations sont conseill\u00e9s par les services de l\u2019Etat via l\u2019A450, le boulevard urbain sud (M7) et la D383 (boulevard p\u00e9riph\u00e9rique). Vinci conseille vivement aux automobilistes d\u2019\u00e9viter le secteur, de reporter leurs trajets ou d\u2019emprunter les transports en commun si possible.\u00a0<\/p>\n<p class=\" wall-content\">Des basculements de circulation et r\u00e9ductions de voies sont aussi attendus jusqu\u2019\u00e0 l\u2019automne, avec une fin de chantier annonc\u00e9e\u00a0pour juin 2026. Lanc\u00e9 en d\u00e9cembre dernier, le chantier pr\u00e9voit une r\u00e9novation compl\u00e8te de l\u2019\u00e9tanch\u00e9it\u00e9, des joints de chauss\u00e9e et du rev\u00eatement, ainsi que des travaux de renforcement de la structure.<\/p>\n<p class=\" wall-content\">Suivez toute l\u2019actualit\u00e9 de vos villes et m\u00e9dias favoris en vous inscrivant \u00e0 <a href=\"https:\/\/moncompte.actu.fr\" title=\"D\u00e9couvez Mon Actu\" rel=\"nofollow noopener\" data-trk=\"{&quot;cta&quot;:{&quot;action&quot;:&quot;https:\\\/\\\/moncompte.actu.fr&quot;,&quot;category&quot;:&quot;mon compte&quot;,&quot;from&quot;:&quot;article footer&quot;,&quot;name&quot;:&quot;Mon actu&quot;,&quot;type&quot;:&quot;cta&quot;}}\" target=\"_blank\">Mon Actu<\/a>.<\/p>\n","protected":false},"excerpt":{"rendered":"Par Nicolas Zaugra Publi\u00e9 le 1 mai 2025 \u00e0 11h24 Un vrai casse-t\u00eate qui s\u2019ajoute aux nombreux travaux&hellip;\n","protected":false},"author":2,"featured_media":66610,"comment_status":"","ping_status":"","sticky":false,"template":"","format":"standard","meta":{"footnotes":""},"categories":[1889],"tags":[1111,11,6423,2430,3542,1777,674,1011,27,803,2428,12,25,104],"class_list":{"0":"post-66609","1":"post","2":"type-post","3":"status-publish","4":"format-standard","5":"has-post-thumbnail","7":"category-lyon","8":"tag-actu","9":"tag-actualites","10":"tag-autoroute-7-a7","11":"tag-auvergne-rhone-alpes","12":"tag-circulation","13":"tag-eu","14":"tag-europe","15":"tag-fr","16":"tag-france","17":"tag-info-trafic","18":"tag-lyon","19":"tag-news","20":"tag-republique-francaise","21":"tag-societe"},"share_on_mastodon":{"url":"https:\/\/pubeurope.com\/@fr\/114431978590634522","error":""},"_links":{"self":[{"href":"https:\/\/www.europesays.com\/fr\/wp-json\/wp\/v2\/posts\/66609","targetHints":{"allow":["GET"]}}],"collection":[{"href":"https:\/\/www.europesays.com\/fr\/wp-json\/wp\/v2\/posts"}],"about":[{"href":"https:\/\/www.europesays.com\/fr\/wp-json\/wp\/v2\/types\/post"}],"author":[{"embeddable":true,"href":"https:\/\/www.europesays.com\/fr\/wp-json\/wp\/v2\/users\/2"}],"replies":[{"embeddable":true,"href":"https:\/\/www.europesays.com\/fr\/wp-json\/wp\/v2\/comments?post=66609"}],"version-history":[{"count":0,"href":"https:\/\/www.europesays.com\/fr\/wp-json\/wp\/v2\/posts\/66609\/revisions"}],"wp:featuredmedia":[{"embeddable":true,"href":"https:\/\/www.europesays.com\/fr\/wp-json\/wp\/v2\/media\/66610"}],"wp:attachment":[{"href":"https:\/\/www.europesays.com\/fr\/wp-json\/wp\/v2\/media?parent=66609"}],"wp:term":[{"taxonomy":"category","embeddable":true,"href":"https:\/\/www.europesays.com\/fr\/wp-json\/wp\/v2\/categories?post=66609"},{"taxonomy":"post_tag","embeddable":true,"href":"https:\/\/www.europesays.com\/fr\/wp-json\/wp\/v2\/tags?post=66609"}],"curies":[{"name":"wp","href":"https:\/\/api.w.org\/{rel}","templated":true}]}}