{"id":666119,"date":"2026-01-15T20:23:10","date_gmt":"2026-01-15T20:23:10","guid":{"rendered":"https:\/\/www.europesays.com\/fr\/666119\/"},"modified":"2026-01-15T20:23:10","modified_gmt":"2026-01-15T20:23:10","slug":"un-moteur-electrique-a-flux-variable-sans-terres-rares-va-t-il-relancer-les-motos-electriques","status":"publish","type":"post","link":"https:\/\/www.europesays.com\/fr\/666119\/","title":{"rendered":"Un moteur \u00e9lectrique \u00e0 flux variable sans terres rares va-t-il relancer les motos \u00e9lectriques ?"},"content":{"rendered":"<p itemprop=\"description\">Au CES 2026, la start-up indienne Matter<br \/>\nd\u00e9voile un moteur \u00e9lectrique \u00e0 flux variable sans terres rares,<br \/>\nmont\u00e9 sur sa moto Aera. Entre couple, autonomie et co\u00fbt, cette<br \/>\ninnovation entend rebattre les cartes des deux-roues<br \/>\n\u00e9lectriques.<\/p>\n<p>Les <strong>motos \u00e9lectriques<\/strong> manquent de peps et<br \/>\nd\u2019autonomie sur voie rapide, tout en restant ch\u00e8res \u00e0 produire \u00e0<br \/>\ncause des terres rares ? C\u2019est exactement ce cocktail que vise une<br \/>\njeune marque indienne avec un nouveau bloc tr\u00e8s particulier,<br \/>\ncompact, l\u00e9ger, et surtout\u2026 \u00e0 <strong>flux variable<\/strong>. Sur<br \/>\nle papier, ce <strong>moteur \u00e9lectrique \u00e0 flux variable<\/strong><br \/>\npromet plus d\u2019efficacit\u00e9 et une production moins d\u00e9pendante de<br \/>\nmat\u00e9riaux critiques.<\/p>\n<p>D\u00e9voil\u00e9 au <strong>CES de Las Vegas<\/strong> d\u00e9but 2026, ce<br \/>\nmoteur baptis\u00e9 <strong>Matter Drive<\/strong> est mont\u00e9 sur la moto<br \/>\n<strong>Matter Aera<\/strong>, une compacte indienne qui sert de<br \/>\nvitrine technologique. Matter, qui se d\u00e9crit comme \u00ab\u00a0les meilleures<br \/>\nmotos \u00e9lectriques d\u00a0\u00bbInde\u00a0\u00bb, rapporte Moto.it, affiche clairement ses<br \/>\nambitions. Mais derri\u00e8re ce slogan et ce terme un peu myst\u00e9rieux de<br \/>\nflux variable, il y a une id\u00e9e tr\u00e8s concr\u00e8te qui pourrait bien<br \/>\nbousculer les habitudes des motos \u00e0 watts.<\/p>\n<p>Un moteur \u00e9lectrique \u00e0 flux variable sans terres rares, le pari<br \/>\nde Matter<\/p>\n<p>Le <strong>Matter Drive<\/strong> est le fruit d\u2019une<br \/>\ncollaboration avec <strong>Niron Magnetics<\/strong> et se distingue<br \/>\nd\u2019abord par un choix fort : supprimer totalement les<br \/>\n<strong>mat\u00e9riaux critiques<\/strong> utilis\u00e9s dans les aimants<br \/>\nhaute performance, comme le n\u00e9odyme et autres <strong>terres<br \/>\nrares<\/strong>. \u00c0 la place, les deux partenaires misent sur des<br \/>\n<strong>aimants au nitrure de fer<\/strong>, fabriqu\u00e9s \u00e0 partir de<br \/>\nmat\u00e9riaux beaucoup plus abondants et moins co\u00fbteux. L\u2019id\u00e9e est<br \/>\ndouble : limiter la d\u00e9pendance \u00e0 des composants strat\u00e9giques et<br \/>\nfaire baisser la facture, tout en gardant un haut niveau de<br \/>\nperformances.<\/p>\n<p>Et l\u00e0, intervient la fameuse technologie de <strong>flux<br \/>\nvariable<\/strong>. Le principe, tel que pr\u00e9sent\u00e9, est d\u2019adapter en<br \/>\npermanence le comportement magn\u00e9tique du moteur en fonction de la<br \/>\nsituation. En ville, le syst\u00e8me chercherait \u00e0 offrir une<br \/>\n<strong>coppia \u00e9lev\u00e9e \u00e0 basse vitesse<\/strong>, avec une r\u00e9ponse<br \/>\nplus directe et plus contr\u00f4lable \u00e0 chaque rotation de la poign\u00e9e.<br \/>\nSur route et sur autoroute, le moteur fonctionnerait dans une<br \/>\nconfiguration plus efficace, pour pr\u00e9server<br \/>\nl\u2019<strong>autonomie<\/strong> \u00e0 haute vitesse. Le tout en \u00e9vitant<br \/>\nl\u2019un des probl\u00e8mes classiques des moteurs \u00e9lectriques, qui peinent<br \/>\n\u00e0 concilier gros couple au d\u00e9marrage et rendement correct quand on<br \/>\nroule vite.<\/p>\n<p>Sur la Matter Aera, un labo roulant pour ce moteur \u00e0 flux<br \/>\nvariable<\/p>\n<p>Pour d\u00e9montrer son concept, la marque a choisi sa <strong>Matter<br \/>\nAera<\/strong>, une moto compacte au style assez classique, mais au<br \/>\ncontenu technique inhabituel. Le <strong>Matter Drive<\/strong> y<br \/>\nd\u00e9veloppe <strong>30 kW<\/strong>, soit environ 40 ch, pour<br \/>\nseulement <strong>7 kg<\/strong>. Il est associ\u00e9 \u00e0 une batterie de<br \/>\n<strong>5 kWh<\/strong> et, d\u00e9tail rare sur une \u00e9lectrique, \u00e0 une<br \/>\n<strong>bo\u00eete sp\u00e9cifique \u00e0 4 rapports<\/strong>. Un choix qui parle<br \/>\naux motards attach\u00e9s au levier au pied, m\u00eame si l\u2019int\u00e9r\u00eat purement<br \/>\ntechnique d\u2019une bo\u00eete sur un moteur \u00e9lectrique reste d\u00e9battu.<br \/>\nMoteur et batterie sont en plus <strong>refroidis \u00e0<br \/>\nliquide<\/strong>, ce qui reste peu courant sur une moto de ce<br \/>\ngabarit.<\/p>\n<p>C\u00f4t\u00e9 usage, Matter annonce une <strong>autonomie<\/strong><br \/>\n\u00ab\u00a0certifi\u00e9e\u00a0\u00bb de <strong>172 km<\/strong>, et une autonomie \u00ab\u00a0r\u00e9elle\u00a0\u00bb<br \/>\nde <strong>125 km<\/strong>, pour une vitesse de pointe de<br \/>\n<strong>105 km\/h<\/strong>. Pour une batterie de 5 kWh, ce n\u2019est pas<br \/>\nridicule. La Aera propose aussi une <strong>recharge rapide de type<br \/>\n2<\/strong> en environ une heure et demie gr\u00e2ce \u00e0 un chargeur<br \/>\nembarqu\u00e9 de <strong>3 kW<\/strong>, ainsi que plusieurs modes de<br \/>\nconduite et une fonction \u00ab\u00a0park assist\u00a0\u00bb avec marche arri\u00e8re. Reste<br \/>\nune inconnue de taille : ce <strong>moteur \u00e9lectrique \u00e0 flux<br \/>\nvariable<\/strong>, pens\u00e9 pour mieux g\u00e9rer le couple, l\u2019efficacit\u00e9 \u00e0<br \/>\nhaute vitesse et la <strong>gestion thermique<\/strong>, devra<br \/>\nencore prouver sur route qu\u2019il tient ses promesses et qu\u2019il peut<br \/>\nr\u00e9ellement changer la donne des <strong>motos \u00e9lectriques<\/strong><br \/>\nactuelles.<\/p>\n","protected":false},"excerpt":{"rendered":"Au CES 2026, la start-up indienne Matter d\u00e9voile un moteur \u00e9lectrique \u00e0 flux variable sans terres rares, mont\u00e9&hellip;\n","protected":false},"author":2,"featured_media":666120,"comment_status":"","ping_status":"","sticky":false,"template":"","format":"standard","meta":{"footnotes":""},"categories":[7],"tags":[13041,8722,8401,6348,1011,27,3707,151,5207,3302,40769,15886,4561,43,40,41,39,299,42,44,35111,9066,29721,56746],"class_list":{"0":"post-666119","1":"post","2":"type-post","3":"status-publish","4":"format-standard","5":"has-post-thumbnail","7":"category-sciences-et-technologies","8":"tag-a","9":"tag-electrique","10":"tag-electriques","11":"tag-flux","12":"tag-fr","13":"tag-france","14":"tag-il","15":"tag-les","16":"tag-moteur","17":"tag-motos","18":"tag-rares","19":"tag-relancer","20":"tag-sans","21":"tag-science","22":"tag-science-and-technology","23":"tag-sciences","24":"tag-sciences-et-technologies","25":"tag-t","26":"tag-technologies","27":"tag-technology","28":"tag-terres","29":"tag-un","30":"tag-va","31":"tag-variable"},"share_on_mastodon":{"url":"https:\/\/pubeurope.com\/@fr\/115900986448343671","error":""},"_links":{"self":[{"href":"https:\/\/www.europesays.com\/fr\/wp-json\/wp\/v2\/posts\/666119","targetHints":{"allow":["GET"]}}],"collection":[{"href":"https:\/\/www.europesays.com\/fr\/wp-json\/wp\/v2\/posts"}],"about":[{"href":"https:\/\/www.europesays.com\/fr\/wp-json\/wp\/v2\/types\/post"}],"author":[{"embeddable":true,"href":"https:\/\/www.europesays.com\/fr\/wp-json\/wp\/v2\/users\/2"}],"replies":[{"embeddable":true,"href":"https:\/\/www.europesays.com\/fr\/wp-json\/wp\/v2\/comments?post=666119"}],"version-history":[{"count":0,"href":"https:\/\/www.europesays.com\/fr\/wp-json\/wp\/v2\/posts\/666119\/revisions"}],"wp:featuredmedia":[{"embeddable":true,"href":"https:\/\/www.europesays.com\/fr\/wp-json\/wp\/v2\/media\/666120"}],"wp:attachment":[{"href":"https:\/\/www.europesays.com\/fr\/wp-json\/wp\/v2\/media?parent=666119"}],"wp:term":[{"taxonomy":"category","embeddable":true,"href":"https:\/\/www.europesays.com\/fr\/wp-json\/wp\/v2\/categories?post=666119"},{"taxonomy":"post_tag","embeddable":true,"href":"https:\/\/www.europesays.com\/fr\/wp-json\/wp\/v2\/tags?post=666119"}],"curies":[{"name":"wp","href":"https:\/\/api.w.org\/{rel}","templated":true}]}}