{"id":666129,"date":"2026-01-15T20:28:15","date_gmt":"2026-01-15T20:28:15","guid":{"rendered":"https:\/\/www.europesays.com\/fr\/666129\/"},"modified":"2026-01-15T20:28:15","modified_gmt":"2026-01-15T20:28:15","slug":"roche-la-moliere-la-joyeuse-petanque-endeuillee-par-le-deces-de-son-president-yves-petiot","status":"publish","type":"post","link":"https:\/\/www.europesays.com\/fr\/666129\/","title":{"rendered":"Roche-la-Moli\u00e8re. La Joyeuse P\u00e9tanque endeuill\u00e9e par le d\u00e9c\u00e8s de son pr\u00e9sident Yves Petiot"},"content":{"rendered":"<p>Roche-la-Moli\u00e8re a perdu un visage familier, Yves Petiot, commer\u00e7ant et b\u00e9n\u00e9vole tr\u00e8s impliqu\u00e9 dans la commune depuis des d\u00e9cennies.<\/p>\n<p>Arriv\u00e9 en 1972 depuis La Ricamarie o\u00f9 il a jou\u00e9 au basket aux boules \u00e0 l\u2019ALR, il ouvre avec son \u00e9pouse une boulangerie-p\u00e2tisserie, qu\u2019ils tiendront jusqu\u2019en 1989. Une adresse connue de nombreux habitants, avant qu\u2019il ne poursuive son parcours de commer\u00e7ant en devenant g\u00e9rant du PMU de&#8230;<\/p>\n","protected":false},"excerpt":{"rendered":"Roche-la-Moli\u00e8re a perdu un visage familier, Yves Petiot, commer\u00e7ant et b\u00e9n\u00e9vole tr\u00e8s impliqu\u00e9 dans la commune depuis des&hellip;\n","protected":false},"author":2,"featured_media":666130,"comment_status":"","ping_status":"","sticky":false,"template":"","format":"standard","meta":{"footnotes":""},"categories":[9653],"tags":[1111,11,2430,7539,1777,674,1011,27,12,25,12490,12491,4001,104,1631],"class_list":{"0":"post-666129","1":"post","2":"type-post","3":"status-publish","4":"format-standard","5":"has-post-thumbnail","7":"category-saint-etienne","8":"tag-actu","9":"tag-actualites","10":"tag-auvergne-rhone-alpes","11":"tag-edition-loire-sud","12":"tag-eu","13":"tag-europe","14":"tag-fr","15":"tag-france","16":"tag-news","17":"tag-republique-francaise","18":"tag-roche-la-moliere","19":"tag-roche-la-moliere-bassin","20":"tag-saint-etienne","21":"tag-societe","22":"tag-vie-associative"},"share_on_mastodon":{"url":"https:\/\/pubeurope.com\/@fr\/115901006195154318","error":""},"_links":{"self":[{"href":"https:\/\/www.europesays.com\/fr\/wp-json\/wp\/v2\/posts\/666129","targetHints":{"allow":["GET"]}}],"collection":[{"href":"https:\/\/www.europesays.com\/fr\/wp-json\/wp\/v2\/posts"}],"about":[{"href":"https:\/\/www.europesays.com\/fr\/wp-json\/wp\/v2\/types\/post"}],"author":[{"embeddable":true,"href":"https:\/\/www.europesays.com\/fr\/wp-json\/wp\/v2\/users\/2"}],"replies":[{"embeddable":true,"href":"https:\/\/www.europesays.com\/fr\/wp-json\/wp\/v2\/comments?post=666129"}],"version-history":[{"count":0,"href":"https:\/\/www.europesays.com\/fr\/wp-json\/wp\/v2\/posts\/666129\/revisions"}],"wp:featuredmedia":[{"embeddable":true,"href":"https:\/\/www.europesays.com\/fr\/wp-json\/wp\/v2\/media\/666130"}],"wp:attachment":[{"href":"https:\/\/www.europesays.com\/fr\/wp-json\/wp\/v2\/media?parent=666129"}],"wp:term":[{"taxonomy":"category","embeddable":true,"href":"https:\/\/www.europesays.com\/fr\/wp-json\/wp\/v2\/categories?post=666129"},{"taxonomy":"post_tag","embeddable":true,"href":"https:\/\/www.europesays.com\/fr\/wp-json\/wp\/v2\/tags?post=666129"}],"curies":[{"name":"wp","href":"https:\/\/api.w.org\/{rel}","templated":true}]}}