{"id":666131,"date":"2026-01-15T20:29:13","date_gmt":"2026-01-15T20:29:13","guid":{"rendered":"https:\/\/www.europesays.com\/fr\/666131\/"},"modified":"2026-01-15T20:29:13","modified_gmt":"2026-01-15T20:29:13","slug":"un-joueur-de-lasse-rappele-a-lordre-pour-paris-sportifs","status":"publish","type":"post","link":"https:\/\/www.europesays.com\/fr\/666131\/","title":{"rendered":"Un joueur de l&rsquo;ASSE rappel\u00e9 a l&rsquo;ordre pour Paris sportifs"},"content":{"rendered":"<p style=\"text-align: left;\"><strong>Les paris sportifs secouent la Ligue 2. \u00c0 quelques jours d\u2019ASSE &#8211; Clermont, la commission de discipline a frapp\u00e9 fort. <a href=\"https:\/\/www.lfp.fr\/article\/commission-de-discipline-decisions-concernant-les-paris-sportifs-2\" target=\"_blank\" rel=\"noopener\">Plusieurs joueurs ont \u00e9t\u00e9 lourdement sanctionn\u00e9s<\/a> pour avoir enfreint l\u2019interdiction de parier sur le football. Une affaire qui touche directement l\u2019adversaire des Verts\u2026 et m\u00eame l\u2019AS Saint-\u00c9tienne<\/strong>.<\/p>\n<p>L\u2019actualit\u00e9 est tomb\u00e9e en pleine semaine de pr\u00e9paration. Et elle n\u2019est pas anodine. La LFP a confirm\u00e9 de nombreuses sanctions visant des joueurs de <a href=\"https:\/\/peuple-vert.fr\/ex-asse\/annecy-aston-villa-multipropriete\/\" target=\"_blank\" rel=\"noopener\">Ligue 2<\/a> pour des faits de paris sportifs. Une pratique strictement interdite pour les acteurs du jeu.<\/p>\n<p>Clermont, que l\u2019ASSE affronte samedi, est particuli\u00e8rement concern\u00e9. Deux de ses joueurs \u00e9copent de lourdes suspensions. D\u2019autres clubs sont aussi touch\u00e9s. Les Verts apparaissent dans le dossier, sans suspension sportive, mais avec un rappel \u00e0 l\u2019ordre officiel.<\/p>\n<p>Sanctions lourdes : Clermont durement touch\u00e9<\/p>\n<p>Le verdict est clair. Maidine Douane et Allan Ackra, tous deux joueurs de Clermont, ont \u00e9cop\u00e9 de trois matchs de suspension ferme. Un coup dur pour le club auvergnat avant de se d\u00e9placer face \u00e0 l\u2019ASSE. Si la sanction est imm\u00e9diate, Clermont perdrait alors deux joueurs suppl\u00e9mentaires, c\u2019est un param\u00e8tre que le staff devra int\u00e9grer.<\/p>\n<p>D\u2019autres joueurs de Ligue 2 ont \u00e9galement \u00e9t\u00e9 sanctionn\u00e9s. Eden Gassama et Stanislas Kielt, \u00e0 Guingamp, ont re\u00e7u deux matchs de suspension ferme. Kossi Camlan, \u00e0 Amiens, est suspendu un match ferme.<\/p>\n<p>Ces d\u00e9cisions montrent la volont\u00e9 des instances de frapper fort. Le message est limpide : aucun \u00e9cart ne sera tol\u00e9r\u00e9. Les paris sportifs repr\u00e9sentent une ligne rouge pour les joueurs professionnels. La Ligue veut pr\u00e9server la cr\u00e9dibilit\u00e9 du championnat.<\/p>\n<p>L\u2019ASSE concern\u00e9e, mais sans suspension<\/p>\n<p>Dans ce dossier, l\u2019AS Saint-\u00c9tienne n\u2019est pas \u00e9pargn\u00e9e. Le jeune Noa Delacroix figure parmi les joueurs rappel\u00e9s \u00e0 l\u2019ordre. Aucun match de suspension n\u2019a \u00e9t\u00e9 prononc\u00e9 \u00e0 son encontre. Mais le signal est fort.<\/p>\n<p>Le jeune gardien St\u00e9phanois est cit\u00e9 aux c\u00f4t\u00e9s de joueurs de Rodez, Troyes, Guingamp, Bastia, Laval ou encore du Red Star. Tous ont re\u00e7u un avertissement officiel. Une mani\u00e8re de pr\u00e9venir avant de sanctionner plus lourdement en cas de r\u00e9cidive.<\/p>\n","protected":false},"excerpt":{"rendered":"Les paris sportifs secouent la Ligue 2. \u00c0 quelques jours d\u2019ASSE &#8211; Clermont, la commission de discipline a&hellip;\n","protected":false},"author":2,"featured_media":666132,"comment_status":"","ping_status":"","sticky":false,"template":"","format":"standard","meta":{"footnotes":""},"categories":[9653],"tags":[1111,11,2430,1777,674,1011,27,12,25,4001],"class_list":{"0":"post-666131","1":"post","2":"type-post","3":"status-publish","4":"format-standard","5":"has-post-thumbnail","7":"category-saint-etienne","8":"tag-actu","9":"tag-actualites","10":"tag-auvergne-rhone-alpes","11":"tag-eu","12":"tag-europe","13":"tag-fr","14":"tag-france","15":"tag-news","16":"tag-republique-francaise","17":"tag-saint-etienne"},"share_on_mastodon":{"url":"https:\/\/pubeurope.com\/@fr\/115901009990065610","error":""},"_links":{"self":[{"href":"https:\/\/www.europesays.com\/fr\/wp-json\/wp\/v2\/posts\/666131","targetHints":{"allow":["GET"]}}],"collection":[{"href":"https:\/\/www.europesays.com\/fr\/wp-json\/wp\/v2\/posts"}],"about":[{"href":"https:\/\/www.europesays.com\/fr\/wp-json\/wp\/v2\/types\/post"}],"author":[{"embeddable":true,"href":"https:\/\/www.europesays.com\/fr\/wp-json\/wp\/v2\/users\/2"}],"replies":[{"embeddable":true,"href":"https:\/\/www.europesays.com\/fr\/wp-json\/wp\/v2\/comments?post=666131"}],"version-history":[{"count":0,"href":"https:\/\/www.europesays.com\/fr\/wp-json\/wp\/v2\/posts\/666131\/revisions"}],"wp:featuredmedia":[{"embeddable":true,"href":"https:\/\/www.europesays.com\/fr\/wp-json\/wp\/v2\/media\/666132"}],"wp:attachment":[{"href":"https:\/\/www.europesays.com\/fr\/wp-json\/wp\/v2\/media?parent=666131"}],"wp:term":[{"taxonomy":"category","embeddable":true,"href":"https:\/\/www.europesays.com\/fr\/wp-json\/wp\/v2\/categories?post=666131"},{"taxonomy":"post_tag","embeddable":true,"href":"https:\/\/www.europesays.com\/fr\/wp-json\/wp\/v2\/tags?post=666131"}],"curies":[{"name":"wp","href":"https:\/\/api.w.org\/{rel}","templated":true}]}}