{"id":666133,"date":"2026-01-15T20:30:21","date_gmt":"2026-01-15T20:30:21","guid":{"rendered":"https:\/\/www.europesays.com\/fr\/666133\/"},"modified":"2026-01-15T20:30:21","modified_gmt":"2026-01-15T20:30:21","slug":"deux-commerces-ferment-dans-cette-rue-de-nancy-apres-une-operation-de-police-voici-pourquoi","status":"publish","type":"post","link":"https:\/\/www.europesays.com\/fr\/666133\/","title":{"rendered":"Deux commerces ferment dans cette rue de Nancy apr\u00e8s une op\u00e9ration de police : voici pourquoi"},"content":{"rendered":"<p>                    Par<br \/>\n        <strong><br \/>\n            <a href=\"https:\/\/actu.fr\/auteur\/amandine-mehl\" title=\"Consulter tous les articles de Amandine Mehl\" target=\"_blank\" rel=\"noopener\">Amandine Mehl<\/a><br \/>\n                    <\/strong><\/p>\n<p>        Publi\u00e9 le<\/p>\n<p>            15 janv. 2026 \u00e0 18h06        <\/p>\n<p>Rue <strong>Saint-Nicolas<\/strong> \u00e0 <strong>Nancy<\/strong>, deux <a href=\"https:\/\/actu.fr\/tag\/commerce\" target=\"_blank\" rel=\"noopener\">commerces<\/a> font actuellement l\u2019objet d\u2019une <strong>fermeture administrative<\/strong>. \u00c0 l\u2019occasion d\u2019une op\u00e9ration de contr\u00f4le des \u00e9tablissements commerciaux dans cette m\u00eame rue, <strong>Yves S\u00e9guy<\/strong>, pr\u00e9fet de Meurthe-et-Moselle, a fait le point sur la situation.<\/p>\n<p>Deux commerces vis\u00e9s par une fermeture administrative \u00e0 Nancy<\/p>\n<p class=\" wall-content\">Ces fermetures font suite \u00e0 une <strong>importante op\u00e9ration des forces de l\u2019ordre<\/strong> qui s\u2019est d\u00e9roul\u00e9e le 5\u00a0novembre dernier. Au cours de cette derni\u00e8re, des \u00e9tablissements ont \u00e9t\u00e9 \u00e9pingl\u00e9s pour d\u00e9tention ill\u00e9gale et commerce ill\u00e9gal de tabac.<\/p>\n<p class=\" wall-content\">D\u00e9j\u00e0 <a href=\"https:\/\/actu.fr\/grand-est\/nancy_54395\/nancy-ce-bar-a-chicha-ferme-brutalement-a-la-suite-d-un-controle-des-douanes_61313659.html\" target=\"_blank\" rel=\"noopener\">ferm\u00e9 \u00e0 la suite d\u2019un contr\u00f4le des douanes<\/a> en juin\u00a02024, le bar Black Coffee fait ainsi l\u2019objet d\u2019une fermeture administrative de <strong>4\u00a0mois<\/strong> apr\u00e8s la saisie de 8 kilos de tabac. Le commerce Afghan bazar est quant \u00e0 lui vis\u00e9 par une fermeture de <strong>5\u00a0mois<\/strong> apr\u00e8s la d\u00e9couverte de 60 kilos de tabac \u00ab\u2009frauduleux\u2009\u00bb.<\/p>\n<p class=\" wall-content\">Un troisi\u00e8me \u00e9tablissement devrait \u00e9galement \u00eatre concern\u00e9 dans les jours qui viennent.<\/p>\n<p class=\" wall-content\">Personnalisez votre actualit\u00e9 en ajoutant vos villes et m\u00e9dias en favori avec <a href=\"https:\/\/moncompte.actu.fr\" title=\"D\u00e9couvez Mon Actu\" rel=\"nofollow noopener\" data-trk=\"{&quot;cta&quot;:{&quot;action&quot;:&quot;https:\\\/\\\/moncompte.actu.fr&quot;,&quot;category&quot;:&quot;mon compte&quot;,&quot;from&quot;:&quot;article footer&quot;,&quot;name&quot;:&quot;Mon actu&quot;,&quot;type&quot;:&quot;cta&quot;}}\" target=\"_blank\">Mon Actu<\/a>.<\/p>\n","protected":false},"excerpt":{"rendered":"Par Amandine Mehl Publi\u00e9 le 15 janv. 2026 \u00e0 18h06 Rue Saint-Nicolas \u00e0 Nancy, deux commerces font actuellement&hellip;\n","protected":false},"author":2,"featured_media":666134,"comment_status":"","ping_status":"","sticky":false,"template":"","format":"standard","meta":{"footnotes":""},"categories":[9635],"tags":[1111,11,215,1777,674,1011,27,775,1702,12,25,104],"class_list":{"0":"post-666133","1":"post","2":"type-post","3":"status-publish","4":"format-standard","5":"has-post-thumbnail","7":"category-nancy","8":"tag-actu","9":"tag-actualites","10":"tag-commerce","11":"tag-eu","12":"tag-europe","13":"tag-fr","14":"tag-france","15":"tag-grand-est","16":"tag-nancy","17":"tag-news","18":"tag-republique-francaise","19":"tag-societe"},"share_on_mastodon":{"url":"https:\/\/pubeurope.com\/@fr\/115901014065799678","error":""},"_links":{"self":[{"href":"https:\/\/www.europesays.com\/fr\/wp-json\/wp\/v2\/posts\/666133","targetHints":{"allow":["GET"]}}],"collection":[{"href":"https:\/\/www.europesays.com\/fr\/wp-json\/wp\/v2\/posts"}],"about":[{"href":"https:\/\/www.europesays.com\/fr\/wp-json\/wp\/v2\/types\/post"}],"author":[{"embeddable":true,"href":"https:\/\/www.europesays.com\/fr\/wp-json\/wp\/v2\/users\/2"}],"replies":[{"embeddable":true,"href":"https:\/\/www.europesays.com\/fr\/wp-json\/wp\/v2\/comments?post=666133"}],"version-history":[{"count":0,"href":"https:\/\/www.europesays.com\/fr\/wp-json\/wp\/v2\/posts\/666133\/revisions"}],"wp:featuredmedia":[{"embeddable":true,"href":"https:\/\/www.europesays.com\/fr\/wp-json\/wp\/v2\/media\/666134"}],"wp:attachment":[{"href":"https:\/\/www.europesays.com\/fr\/wp-json\/wp\/v2\/media?parent=666133"}],"wp:term":[{"taxonomy":"category","embeddable":true,"href":"https:\/\/www.europesays.com\/fr\/wp-json\/wp\/v2\/categories?post=666133"},{"taxonomy":"post_tag","embeddable":true,"href":"https:\/\/www.europesays.com\/fr\/wp-json\/wp\/v2\/tags?post=666133"}],"curies":[{"name":"wp","href":"https:\/\/api.w.org\/{rel}","templated":true}]}}