{"id":666135,"date":"2026-01-15T20:31:26","date_gmt":"2026-01-15T20:31:26","guid":{"rendered":"https:\/\/www.europesays.com\/fr\/666135\/"},"modified":"2026-01-15T20:31:26","modified_gmt":"2026-01-15T20:31:26","slug":"une-operation-de-controle-a-360-degres-rue-saint-nicolas-a-nancy","status":"publish","type":"post","link":"https:\/\/www.europesays.com\/fr\/666135\/","title":{"rendered":"une op\u00e9ration de contr\u00f4le \u00ab \u00e0 360 degr\u00e9s \u00bb rue Saint-Nicolas \u00e0 Nancy"},"content":{"rendered":"<p>        <strong>Une op\u00e9ration de contr\u00f4le d\u2019\u00e9tablissements commerciaux a \u00e9t\u00e9 men\u00e9e ce jeudi matin rue Saint-Nicolas \u00e0 Nancy, dans le cadre du Plan d\u2019action d\u00e9partemental de restauration de la s\u00e9curit\u00e9 du quotidien. Elle s\u2019inscrit dans une s\u00e9rie d\u2019interventions renforc\u00e9es dans un secteur jug\u00e9 prioritaire par les autorit\u00e9s.<\/strong><\/p>\n<p>\u00c0 l&rsquo;angle de la rue Saint-Nicolas et de la rue du Docteur Schmitt, \u00e0 9h, ce matin, une pr\u00e9sence polici\u00e8re plus forte qu&rsquo;\u00e0 l&rsquo;accoutum\u00e9e. Il s&rsquo;agissait d&rsquo;une op\u00e9ration, visant \u00e0 la fois \u00e0 v\u00e9rifier le respect des r\u00e8gles sanitaires et de protection des consommateurs, mais aussi \u00e0 lutter contre diff\u00e9rentes formes de trafics, notamment de stup\u00e9fiants, de tabac et de blanchiment\u00a0sur cet axe tr\u00e8s fr\u00e9quent\u00e9 du centre-ville de Nancy, qui compte une soixantaine de commerces.\u00a0<\/p>\n<p>Police nationale, police aux fronti\u00e8res, agents de la Direction d\u00e9partementale de la protection des populations (DDPP), une quinzaine d\u2019agents de l\u2019\u00c9tat ont men\u00e9 un contr\u00f4le minutieux et multiformes, qualifi\u00e9 de \u00ab contr\u00f4le \u00e0 360 degr\u00e9s \u00bb dans l&rsquo;une des enseignes de la rue Saint-Nicolas.\u00a0<\/p>\n<p>\u00ab Une fois que l\u2019on entre dans un \u00e9tablissement, on contr\u00f4le tout \u00bb, a expliqu\u00e9 le pr\u00e9fet de Meurthe-et-Moselle, Yves S\u00e9guy, pr\u00e9sent sur place aux c\u00f4t\u00e9s du directeur interd\u00e9partemental de la police nationale, Fr\u00e9d\u00e9ric Laissy.<\/p>\n<p>Selon le pr\u00e9fet, ces \u00e9tablissements peuvent \u00eatre \u00e0 la fois \u00e0 l\u2019origine d\u2019irr\u00e9gularit\u00e9s ou se retrouver sous pression et servir de relais \u00e0 des activit\u00e9s illicites tout en soulignant que ces contr\u00f4les visibles s\u2019inscrivent dans un dispositif plus large, men\u00e9 de jour comme de nuit.\u00a0<\/p>\n<p>Les v\u00e9rifications ont port\u00e9 sur l\u2019origine des produits, le respect de la cha\u00eene du froid, les conditions d\u2019hygi\u00e8ne, la tenue des registres de s\u00e9curit\u00e9, la r\u00e9gularit\u00e9 des contrats de travail, les contr\u00f4les d\u2019identit\u00e9 et la conformit\u00e9 des documents administratifs. Selon le premier bilan communiqu\u00e9, plusieurs manquements ont \u00e9t\u00e9 relev\u00e9s, dont l\u2019absence de mise \u00e0 jour du contr\u00f4le annuel des dispositifs de lutte contre l\u2019incendie, un d\u00e9faut de tenue du registre de s\u00e9curit\u00e9, ainsi que l\u2019absence d\u2019affichage des prix sur une centaine d\u2019articles propos\u00e9s \u00e0 la vente.\u00a0<\/p>\n<p><strong>Une strat\u00e9gie globale de s\u00e9curisation du secteur<\/strong><\/p>\n<p>Cette op\u00e9ration s\u2019inscrit dans une strat\u00e9gie globale de s\u00e9curisation du secteur, d\u00e9j\u00e0 marqu\u00e9e ces derniers mois par plusieurs contr\u00f4les et fermetures administratives. <a href=\"https:\/\/www.ici-c-nancy.fr\/faits-divers\/17568-nancy-quatre-interpellations-et-73-kilos-de-tabac-saisis-lors-dune-operation-rue-saint-nicolas.html\" target=\"_blank\" rel=\"noopener\">Le 5 novembre dernier<\/a>, 73 kilos de tabac frauduleux avaient \u00e9t\u00e9 d\u00e9couverts dans plusieurs commerces de la rue. Deux fermetures administratives ont depuis \u00e9t\u00e9 prononc\u00e9es par arr\u00eat\u00e9 pr\u00e9fectoral pour cinq et quatre mois, tandis qu\u2019une troisi\u00e8me pour dix jours est encore en cours de notification.\u00a0<\/p>\n<p>\u00ab Cette politique de contr\u00f4le renforc\u00e9 a conduit \u00e0 une augmentation des fermetures administratives, pass\u00e9es de 8 \u00e0 26 en 2025 \u00bb, a pr\u00e9cis\u00e9 le pr\u00e9fet. \u00ab Il ne s\u2019agit pas d\u2019une fr\u00e9n\u00e9sie contre les exploitants, mais de la volont\u00e9 d\u2019assurer que ces commerces ne posent pas de difficult\u00e9s \u00bb, a-t-il ajout\u00e9, affirmant que l\u2019\u00c9tat restera \u00ab tr\u00e8s pr\u00e9sent \u00bb pour \u00ab ass\u00e9cher tous les vecteurs de commerces irr\u00e9guliers \u00bb.<\/p>\n<p>\u00ab L\u2019objectif est que la loi et l\u2019ordre s\u2019imposent sur les commerces comme sur la voie publique \u00bb, a soulign\u00e9 Fr\u00e9d\u00e9ric Laissy. \u00ab L\u2019id\u00e9e est que plus aucun commerce ne puisse dire qu\u2019il n\u2019a jamais \u00e9t\u00e9 contr\u00f4l\u00e9 \u00bb, a encore insist\u00e9 le directeur interd\u00e9partemental de la police nationale. \u00ab Il y a parfois de petites infractions, mais l\u2019enjeu principal est que les \u00e9tablissements soient correctement tenus. Cela passe par une remise \u00e0 plat et le retour \u00e0 l\u2019ordre dans cette rue \u00bb.\u00a0<\/p>\n<p>Selon la police, ce secteur fait l\u2019objet d\u2019une attention particuli\u00e8re en raison d\u2019infractions r\u00e9currentes. En 2025, pr\u00e8s de 80 personnes ont \u00e9t\u00e9 interpell\u00e9es sur l\u2019axe rue Saint-Nicolas et rue du Docteur-Schmitt dans le cadre de proc\u00e9dures judiciaires, pour des faits allant de la d\u00e9tention de stup\u00e9fiants au recel, en passant par le travail dissimul\u00e9 et des violences.<\/p>\n<p>D\u2019autres op\u00e9rations du m\u00eame type sont pr\u00e9vues dans les prochaines semaines dans les secteurs identifi\u00e9s comme prioritaires de l\u2019agglom\u00e9ration nanc\u00e9ienne. \u00ab Les malfaisants n&rsquo;ont pas leur place ici, tr\u00e8s clairement, et on continuera autant qu&rsquo;il le faudra pour mettre un terme \u00e0 des pratiques inacceptables, intol\u00e9rables, et qui, \u00e9videmment, finissent par poser de multiples probl\u00e8mes \u00e0 tous nos concitoyens\u00a0\u00bb,\u00a0a conclu le pr\u00e9fet de Meurthe-et-Moselle, Yves S\u00e9guy.\u00a0<\/p>\n<p><img loading=\"lazy\" decoding=\"async\" src=\"https:\/\/www.europesays.com\/fr\/wp-content\/uploads\/2026\/01\/opStnic3.jpg\" alt=\"opStnic3\" width=\"900\" height=\"500\"\/><img loading=\"lazy\" decoding=\"async\" src=\"https:\/\/www.europesays.com\/fr\/wp-content\/uploads\/2026\/01\/opStnic1.jpg\" alt=\"opStnic1\" width=\"900\" height=\"500\"\/><\/p>\n<p>\t\t\t\t\t\t<a href=\"https:\/\/www.pinterest.com\/pin\/create\/button\/\" data-pin-do=\"buttonBookmark\" data-pin-color=\"red\" target=\"_blank\" rel=\"noopener\"><img decoding=\"async\" src=\"https:\/\/www.europesays.com\/fr\/wp-content\/uploads\/2025\/04\/pinit_fg_en_rect_red_20.png\" alt=\"Pin It\"\/><\/a><\/p>\n","protected":false},"excerpt":{"rendered":"Une op\u00e9ration de contr\u00f4le d\u2019\u00e9tablissements commerciaux a \u00e9t\u00e9 men\u00e9e ce jeudi matin rue Saint-Nicolas \u00e0 Nancy, dans le&hellip;\n","protected":false},"author":2,"featured_media":666136,"comment_status":"","ping_status":"","sticky":false,"template":"","format":"standard","meta":{"footnotes":""},"categories":[9635],"tags":[1111,11,1777,674,1011,27,775,1702,12,25],"class_list":{"0":"post-666135","1":"post","2":"type-post","3":"status-publish","4":"format-standard","5":"has-post-thumbnail","7":"category-nancy","8":"tag-actu","9":"tag-actualites","10":"tag-eu","11":"tag-europe","12":"tag-fr","13":"tag-france","14":"tag-grand-est","15":"tag-nancy","16":"tag-news","17":"tag-republique-francaise"},"share_on_mastodon":{"url":"https:\/\/pubeurope.com\/@fr\/115901017911756814","error":""},"_links":{"self":[{"href":"https:\/\/www.europesays.com\/fr\/wp-json\/wp\/v2\/posts\/666135","targetHints":{"allow":["GET"]}}],"collection":[{"href":"https:\/\/www.europesays.com\/fr\/wp-json\/wp\/v2\/posts"}],"about":[{"href":"https:\/\/www.europesays.com\/fr\/wp-json\/wp\/v2\/types\/post"}],"author":[{"embeddable":true,"href":"https:\/\/www.europesays.com\/fr\/wp-json\/wp\/v2\/users\/2"}],"replies":[{"embeddable":true,"href":"https:\/\/www.europesays.com\/fr\/wp-json\/wp\/v2\/comments?post=666135"}],"version-history":[{"count":0,"href":"https:\/\/www.europesays.com\/fr\/wp-json\/wp\/v2\/posts\/666135\/revisions"}],"wp:featuredmedia":[{"embeddable":true,"href":"https:\/\/www.europesays.com\/fr\/wp-json\/wp\/v2\/media\/666136"}],"wp:attachment":[{"href":"https:\/\/www.europesays.com\/fr\/wp-json\/wp\/v2\/media?parent=666135"}],"wp:term":[{"taxonomy":"category","embeddable":true,"href":"https:\/\/www.europesays.com\/fr\/wp-json\/wp\/v2\/categories?post=666135"},{"taxonomy":"post_tag","embeddable":true,"href":"https:\/\/www.europesays.com\/fr\/wp-json\/wp\/v2\/tags?post=666135"}],"curies":[{"name":"wp","href":"https:\/\/api.w.org\/{rel}","templated":true}]}}