{"id":666137,"date":"2026-01-15T20:33:10","date_gmt":"2026-01-15T20:33:10","guid":{"rendered":"https:\/\/www.europesays.com\/fr\/666137\/"},"modified":"2026-01-15T20:33:10","modified_gmt":"2026-01-15T20:33:10","slug":"toulon-meteo-un-temps-plutot-perturbe-ce-vendredi-sur-la-provence-alpes-cote-dazur","status":"publish","type":"post","link":"https:\/\/www.europesays.com\/fr\/666137\/","title":{"rendered":"TOULON : M\u00e9t\u00e9o &#8211; Un temps plut\u00f4t perturb\u00e9 ce vendredi sur la Provence-Alpes-C\u00f4te d\u2019Azur"},"content":{"rendered":"<p><strong>Temps plut\u00f4t perturb\u00e9 ce vendredi sur la r\u00e9gion Provence-Alpes-C\u00f4te d\u2019Azur. <\/strong><\/p>\n<p>Les nuages deviennent plus mena\u00e7ants au fil des heures, avec quelques gouttes possibles sur le\u00a0<strong data-start=\"265\" data-end=\"277\">Vaucluse<\/strong>\u00a0et le\u00a0<strong data-start=\"284\" data-end=\"291\">Var<\/strong>. Le vent de secteur sud-est reste bien pr\u00e9sent, avec des rafales proches de 55 km\/h. C\u00f4t\u00e9 temp\u00e9ratures, fra\u00eecheur matinale entre 1 et 12\u00b0, puis une ambiance plus douce l\u2019apr\u00e8s-midi, avec des valeurs globalement stationnaires.<br data-start=\"531\" data-end=\"534\"\/>13\u00b0 sur\u00a0<strong data-start=\"542\" data-end=\"561\">Aix-en-Provence<\/strong>,\u00a0<strong data-start=\"563\" data-end=\"575\">Meyreuil<\/strong>,\u00a0<strong data-start=\"577\" data-end=\"589\">\u00c9guilles<\/strong>,\u00a0<strong data-start=\"591\" data-end=\"602\">Cadenet<\/strong>\u00a0et\u00a0<strong data-start=\"606\" data-end=\"630\">Pernes-les-Fontaines<\/strong>.<br data-start=\"631\" data-end=\"634\"\/>14\u00b0 sur\u00a0<strong data-start=\"642\" data-end=\"652\">Bandol<\/strong>,\u00a0<strong data-start=\"654\" data-end=\"674\">La Seyne-sur-Mer<\/strong>,\u00a0<strong data-start=\"676\" data-end=\"689\">Ollioules<\/strong>,\u00a0<strong data-start=\"691\" data-end=\"701\">Toulon<\/strong>,\u00a0<strong data-start=\"703\" data-end=\"726\">Hy\u00e8res-les-Palmiers<\/strong>\u00a0et\u00a0<strong data-start=\"730\" data-end=\"753\">La Londe-les-Maures<\/strong>, \u00e9galement 14\u00b0 sur\u00a0<strong data-start=\"773\" data-end=\"786\">Marseille<\/strong>\u00a0et\u00a0<strong data-start=\"790\" data-end=\"799\">Arles<\/strong>, et 15\u00b0 sur\u00a0<strong data-start=\"812\" data-end=\"823\">Avignon<\/strong>.<\/p>\n<p>ComLaRadio<br \/>Thierry CARI<br \/>Voix Off<br \/>Animateur \/ pr\u00e9sentateur<br \/><a href=\"https:\/\/presseagence.fr\/toulon-meteo-un-temps-plutot-perturbe-ce-vendredi-sur-la-provence-alpes-cote-dazur\/mailto:Contact@thierrycari.com\" target=\"_blank\" rel=\"noopener\">Contact@thierrycari.com<\/a><br \/><a href=\"http:\/\/www.thierrycari.com\" target=\"_blank\" rel=\"noopener\">www.thierrycari.com<\/a><\/p>\n","protected":false},"excerpt":{"rendered":"Temps plut\u00f4t perturb\u00e9 ce vendredi sur la r\u00e9gion Provence-Alpes-C\u00f4te d\u2019Azur. Les nuages deviennent plus mena\u00e7ants au fil des&hellip;\n","protected":false},"author":2,"featured_media":34790,"comment_status":"","ping_status":"","sticky":false,"template":"","format":"standard","meta":{"footnotes":""},"categories":[9619],"tags":[1111,11,1777,674,1011,27,12,882,25,2310],"class_list":{"0":"post-666137","1":"post","2":"type-post","3":"status-publish","4":"format-standard","5":"has-post-thumbnail","7":"category-toulon","8":"tag-actu","9":"tag-actualites","10":"tag-eu","11":"tag-europe","12":"tag-fr","13":"tag-france","14":"tag-news","15":"tag-provence-alpes-cote-dazur","16":"tag-republique-francaise","17":"tag-toulon"},"share_on_mastodon":{"url":"https:\/\/pubeurope.com\/@fr\/115901025721485276","error":""},"_links":{"self":[{"href":"https:\/\/www.europesays.com\/fr\/wp-json\/wp\/v2\/posts\/666137","targetHints":{"allow":["GET"]}}],"collection":[{"href":"https:\/\/www.europesays.com\/fr\/wp-json\/wp\/v2\/posts"}],"about":[{"href":"https:\/\/www.europesays.com\/fr\/wp-json\/wp\/v2\/types\/post"}],"author":[{"embeddable":true,"href":"https:\/\/www.europesays.com\/fr\/wp-json\/wp\/v2\/users\/2"}],"replies":[{"embeddable":true,"href":"https:\/\/www.europesays.com\/fr\/wp-json\/wp\/v2\/comments?post=666137"}],"version-history":[{"count":0,"href":"https:\/\/www.europesays.com\/fr\/wp-json\/wp\/v2\/posts\/666137\/revisions"}],"wp:featuredmedia":[{"embeddable":true,"href":"https:\/\/www.europesays.com\/fr\/wp-json\/wp\/v2\/media\/34790"}],"wp:attachment":[{"href":"https:\/\/www.europesays.com\/fr\/wp-json\/wp\/v2\/media?parent=666137"}],"wp:term":[{"taxonomy":"category","embeddable":true,"href":"https:\/\/www.europesays.com\/fr\/wp-json\/wp\/v2\/categories?post=666137"},{"taxonomy":"post_tag","embeddable":true,"href":"https:\/\/www.europesays.com\/fr\/wp-json\/wp\/v2\/tags?post=666137"}],"curies":[{"name":"wp","href":"https:\/\/api.w.org\/{rel}","templated":true}]}}