{"id":666138,"date":"2026-01-15T20:34:09","date_gmt":"2026-01-15T20:34:09","guid":{"rendered":"https:\/\/www.europesays.com\/fr\/666138\/"},"modified":"2026-01-15T20:34:09","modified_gmt":"2026-01-15T20:34:09","slug":"tame-impala-comme-vous-ne-lavez-jamais-entendu","status":"publish","type":"post","link":"https:\/\/www.europesays.com\/fr\/666138\/","title":{"rendered":"Tame Impala comme vous ne l\u2019avez jamais entendu"},"content":{"rendered":"<p>                    Par<br \/>\n        <strong><br \/>\n            <a href=\"https:\/\/actu.fr\/auteur\/metropoop\" title=\"Consulter tous les articles de R\u00e9daction M\u00e9tropolitain\" target=\"_blank\" rel=\"noopener\">R\u00e9daction M\u00e9tropolitain<\/a><br \/>\n                    <\/strong><\/p>\n<p>        Publi\u00e9 le<\/p>\n<p>            15 janv. 2026 \u00e0 20h28        <\/p>\n<p>Le samedi 17 janvier \u00e0 16h, le <strong>D\u00e9partement de l\u2019H\u00e9rault<\/strong> donne rendez-vous aux <strong>amateurs de musique<\/strong> pour d\u00e9couvrir ou red\u00e9couvrir l\u2019album <strong>Currents<\/strong> de <strong>Tame Impala<\/strong>. L\u2019occasion de vivre une exp\u00e9rience musicale immersive (et gratuite) au domaine d\u00e9partemental Pierresvives, \u00e0 Montpellier.\u00a0<\/p>\n<p>Un virage audacieux vers l\u2019electro<\/p>\n<p class=\" wall-content\">Currents est le troisi\u00e8me album du groupe Tame Impala, sorti en 2015. Il marque un virage significatif dans le son du projet musical de Kevin Parker. L\u2019album d\u00e9laisse en partie le rock psych\u00e9d\u00e9lique des d\u00e9buts pour explorer des sonorit\u00e9s plus synth-pop, R&amp;B et \u00e9lectroniques. Des titres comme \u00ab The Less I Know The Better \u00bb et \u00ab Let It Happen \u00bb, sont devenus les hymnes d\u2019une g\u00e9n\u00e9ration, illustrant parfaitement cette fusion de genres. Enti\u00e8rement interpr\u00e9t\u00e9, produit et mix\u00e9 par Kevin Parker, Currents a \u00e9t\u00e9 salu\u00e9 par la critique pour son audace et son inventivit\u00e9, consolidant la position de Tame Impala comme l\u2019un des groupes les plus influents de ce d\u00e9but de si\u00e8cle.<\/p>\n<p>    <a href=\"https:\/\/www.google.com\/maps\/embed?pb=!1m18!1m12!1m3!1d2888.166837990333!2d3.820066576386682!3d43.62388637110347!2m3!1f0!2f0!3f0!3m2!1i1024!2i768!4f13.1!3m3!1m2!1s0x12b6ae9c52759137%3A0xe7d06060cae0637c!2sDomaine%20d%C3%A9partemental%20de%20Pierresvives!5e0!3m2!1sfr!2sfr!4v1768471878143!5m2!1sfr!2sfr\" title=\"Ouvrie le lien\" target=\"_blank\" rel=\"noopener\">Cliquez ici pour visualiser le contenu<\/a><\/p>\n<p><strong>&gt;<\/strong> Pour le (re)d\u00e9couvrir, rendez-vous le samedi 17 janvier, \u00e0 16h, au Domaine de Pierresvives, \u00e0 Montpellier. Billetterie gratuite ouverte 2h avant, \u00e0 l\u2019accueil. <a href=\"https:\/\/pierresvives.herault.fr\" target=\"_blank\" rel=\"noopener\">Plus d\u2019informations par ici<\/a>.\u00a0<\/p>\n<p class=\" wall-content\">Personnalisez votre actualit\u00e9 en ajoutant vos villes et m\u00e9dias en favori avec <a href=\"https:\/\/moncompte.actu.fr\" title=\"D\u00e9couvez Mon Actu\" rel=\"nofollow noopener\" data-trk=\"{&quot;cta&quot;:{&quot;action&quot;:&quot;https:\\\/\\\/moncompte.actu.fr&quot;,&quot;category&quot;:&quot;mon compte&quot;,&quot;from&quot;:&quot;article footer&quot;,&quot;name&quot;:&quot;Mon actu&quot;,&quot;type&quot;:&quot;cta&quot;}}\" target=\"_blank\">Mon Actu<\/a>.<\/p>\n","protected":false},"excerpt":{"rendered":"Par R\u00e9daction M\u00e9tropolitain Publi\u00e9 le 15 janv. 2026 \u00e0 20h28 Le samedi 17 janvier \u00e0 16h, le D\u00e9partement&hellip;\n","protected":false},"author":2,"featured_media":666139,"comment_status":"","ping_status":"","sticky":false,"template":"","format":"standard","meta":{"footnotes":""},"categories":[9599],"tags":[1111,11,1777,674,1011,27,2208,12,2680,25,104],"class_list":{"0":"post-666138","1":"post","2":"type-post","3":"status-publish","4":"format-standard","5":"has-post-thumbnail","7":"category-montpellier","8":"tag-actu","9":"tag-actualites","10":"tag-eu","11":"tag-europe","12":"tag-fr","13":"tag-france","14":"tag-montpellier","15":"tag-news","16":"tag-occitanie","17":"tag-republique-francaise","18":"tag-societe"},"share_on_mastodon":{"url":"https:\/\/pubeurope.com\/@fr\/115901029934559165","error":""},"_links":{"self":[{"href":"https:\/\/www.europesays.com\/fr\/wp-json\/wp\/v2\/posts\/666138","targetHints":{"allow":["GET"]}}],"collection":[{"href":"https:\/\/www.europesays.com\/fr\/wp-json\/wp\/v2\/posts"}],"about":[{"href":"https:\/\/www.europesays.com\/fr\/wp-json\/wp\/v2\/types\/post"}],"author":[{"embeddable":true,"href":"https:\/\/www.europesays.com\/fr\/wp-json\/wp\/v2\/users\/2"}],"replies":[{"embeddable":true,"href":"https:\/\/www.europesays.com\/fr\/wp-json\/wp\/v2\/comments?post=666138"}],"version-history":[{"count":0,"href":"https:\/\/www.europesays.com\/fr\/wp-json\/wp\/v2\/posts\/666138\/revisions"}],"wp:featuredmedia":[{"embeddable":true,"href":"https:\/\/www.europesays.com\/fr\/wp-json\/wp\/v2\/media\/666139"}],"wp:attachment":[{"href":"https:\/\/www.europesays.com\/fr\/wp-json\/wp\/v2\/media?parent=666138"}],"wp:term":[{"taxonomy":"category","embeddable":true,"href":"https:\/\/www.europesays.com\/fr\/wp-json\/wp\/v2\/categories?post=666138"},{"taxonomy":"post_tag","embeddable":true,"href":"https:\/\/www.europesays.com\/fr\/wp-json\/wp\/v2\/tags?post=666138"}],"curies":[{"name":"wp","href":"https:\/\/api.w.org\/{rel}","templated":true}]}}