{"id":666140,"date":"2026-01-15T20:35:16","date_gmt":"2026-01-15T20:35:16","guid":{"rendered":"https:\/\/www.europesays.com\/fr\/666140\/"},"modified":"2026-01-15T20:35:16","modified_gmt":"2026-01-15T20:35:16","slug":"mohed-altrad-officialise-sa-candidature","status":"publish","type":"post","link":"https:\/\/www.europesays.com\/fr\/666140\/","title":{"rendered":"Mohed Altrad officialise sa candidature"},"content":{"rendered":"<p>Le milliardaire <a href=\"https:\/\/www.20minutes.fr\/politique\/mohed-altrad\/\" class=\"c-link c-link--is-underlined\" target=\"_blank\" rel=\"noopener\">Mohed Altrad<\/a>, patron du groupe de BTP Altrad et pr\u00e9sident du club de rugby de Montpellier (MHR), a annonc\u00e9 jeudi sa candidature \u00e0 l\u2019\u00e9lection municipale \u00e0 <a href=\"https:\/\/www.20minutes.fr\/montpellier\/\" target=\"_blank\" class=\"c-link c-link--is-underlined\" rel=\"noopener\">Montpellier<\/a>, six ans apr\u00e8s sa premi\u00e8re tentative. Devant environ 500 personnes r\u00e9unies dans une salle au sud de la ville, il a d\u00e9clar\u00e9\u00a0: \u00ab\u00a0A un moment o\u00f9 beaucoup choisissent le confort, j\u2019ai choisi le combat\u00a0: j\u2019ai d\u00e9cid\u00e9 de me pr\u00e9senter comme candidat pour \u00eatre le prochain <a href=\"https:\/\/www.20minutes.fr\/dossier\/maire\" target=\"_blank\" class=\"c-link c-link--is-underlined\" rel=\"noopener\">maire<\/a> de Montpellier\u00a0\u00bb.<\/p>\n<p>Dans son discours, l\u2019homme d\u2019affaires fran\u00e7ais n\u00e9 en Syrie a attaqu\u00e9 la gestion de la municipalit\u00e9 socialiste et assur\u00e9 que \u00ab\u00a0cette ville a besoin qu\u2019on la rel\u00e8ve. Montpellier a besoin d\u2019un b\u00e2tisseur\u00a0\u00bb. Il a \u00e9galement promis de \u00ab\u00a0d\u00e9manteler le syst\u00e8me\u00a0\u00bb d\u2019une mairie \u00ab\u00a0g\u00e9r\u00e9e comme une section du parti socialiste\u00a0\u00bb, en r\u00e9f\u00e9rence au maire <a href=\"https:\/\/www.20minutes.fr\/politique\/ps\/\" target=\"_blank\" class=\"c-link c-link--is-underlined\" rel=\"noopener\">PS<\/a> Micha\u00ebl Delafosse.<\/p>\n<\/p>\n<p>Emplois, s\u00e9curit\u00e9, couvre-feu et cantine gratuite<\/p>\n<p>Mohed Altrad a pr\u00e9sent\u00e9 plusieurs engagements, dont la cr\u00e9ation de \u00ab\u00a030.000 emplois\u00a0\u00bb afin de faire de Montpellier \u00ab\u00a0une ville z\u00e9ro <a href=\"https:\/\/www.20minutes.fr\/dossier\/chomeurs\" target=\"_blank\" class=\"c-link c-link--is-underlined\" rel=\"noopener\">ch\u00f4meur<\/a>\u00a0\u00bb. Il a aussi annonc\u00e9 vouloir instaurer \u00ab\u00a0un <a href=\"https:\/\/www.20minutes.fr\/dossier\/couvre-feu\" target=\"_blank\" class=\"c-link c-link--is-underlined\" rel=\"noopener\">couvre-feu<\/a> \u00e0 partir de 22h pour les mineurs de moins de 16 ans\u00a0\u00bb et rendre \u00ab\u00a0la <a href=\"https:\/\/www.20minutes.fr\/dossier\/cantine\" target=\"_blank\" class=\"c-link c-link--is-underlined\" rel=\"noopener\">cantine<\/a> gratuite\u00a0\u00bb pour tous les enfants.<\/p>\n<p><a href=\"https:\/\/www.20minutes.fr\/municipales\/\" target=\"_blank\" class=\"c-link c-btn c-btn--primary\" rel=\"noopener\">Notre dossier sur les \u00e9lections municipales 2026<\/a><\/p>\n<p>Il a enfin indiqu\u00e9 que la gratuit\u00e9 des <a href=\"https:\/\/www.20minutes.fr\/dossier\/transports_en_commun\" target=\"_blank\" class=\"c-link c-link--is-underlined\" rel=\"noopener\">transports en commun<\/a> \u00e9tait un \u00ab\u00a0acquis, on va le garder\u00a0\u00bb, tout en promettant d\u2019assainir les finances et de revoir le plan de circulation pour r\u00e9duire les embouteillages. Il a \u00e9galement affirm\u00e9 que le projet d\u2019implanter une unit\u00e9 de traitement \u00ab\u00a0CSR\u00a0\u00bb \u00ab\u00a0sera abandonn\u00e9 d\u00e9finitivement\u00a0\u00bb, alors qu\u2019il avait termin\u00e9 troisi\u00e8me au premier tour en\u00a02020 (13,3\u00a0%) avant d\u2019\u00eatre battu au second tour, et qu\u2019il doit \u00eatre rejug\u00e9 en appel en septembre\u00a02026 dans l\u2019affaire de corruption li\u00e9e \u00e0 <a href=\"https:\/\/www.20minutes.fr\/sport\/bernard_laporte\/\" target=\"_blank\" class=\"c-link c-link--is-underlined\" rel=\"noopener\">Bernard Laporte<\/a>.<\/p>\n","protected":false},"excerpt":{"rendered":"Le milliardaire Mohed Altrad, patron du groupe de BTP Altrad et pr\u00e9sident du club de rugby de Montpellier&hellip;\n","protected":false},"author":2,"featured_media":666141,"comment_status":"","ping_status":"","sticky":false,"template":"","format":"standard","meta":{"footnotes":""},"categories":[9599],"tags":[1111,47,11,426,2761,1777,674,1011,27,7089,2681,6817,29430,2208,12,2680,316,25],"class_list":{"0":"post-666140","1":"post","2":"type-post","3":"status-publish","4":"format-standard","5":"has-post-thumbnail","7":"category-montpellier","8":"tag-actu","9":"tag-actualite","10":"tag-actualites","11":"tag-candidat","12":"tag-elections-municipales-2026","13":"tag-eu","14":"tag-europe","15":"tag-fr","16":"tag-france","17":"tag-herault","18":"tag-languedoc-roussillon","19":"tag-milliardaire","20":"tag-mohed-altrad","21":"tag-montpellier","22":"tag-news","23":"tag-occitanie","24":"tag-politique","25":"tag-republique-francaise"},"share_on_mastodon":{"url":"https:\/\/pubeurope.com\/@fr\/115901033514759013","error":""},"_links":{"self":[{"href":"https:\/\/www.europesays.com\/fr\/wp-json\/wp\/v2\/posts\/666140","targetHints":{"allow":["GET"]}}],"collection":[{"href":"https:\/\/www.europesays.com\/fr\/wp-json\/wp\/v2\/posts"}],"about":[{"href":"https:\/\/www.europesays.com\/fr\/wp-json\/wp\/v2\/types\/post"}],"author":[{"embeddable":true,"href":"https:\/\/www.europesays.com\/fr\/wp-json\/wp\/v2\/users\/2"}],"replies":[{"embeddable":true,"href":"https:\/\/www.europesays.com\/fr\/wp-json\/wp\/v2\/comments?post=666140"}],"version-history":[{"count":0,"href":"https:\/\/www.europesays.com\/fr\/wp-json\/wp\/v2\/posts\/666140\/revisions"}],"wp:featuredmedia":[{"embeddable":true,"href":"https:\/\/www.europesays.com\/fr\/wp-json\/wp\/v2\/media\/666141"}],"wp:attachment":[{"href":"https:\/\/www.europesays.com\/fr\/wp-json\/wp\/v2\/media?parent=666140"}],"wp:term":[{"taxonomy":"category","embeddable":true,"href":"https:\/\/www.europesays.com\/fr\/wp-json\/wp\/v2\/categories?post=666140"},{"taxonomy":"post_tag","embeddable":true,"href":"https:\/\/www.europesays.com\/fr\/wp-json\/wp\/v2\/tags?post=666140"}],"curies":[{"name":"wp","href":"https:\/\/api.w.org\/{rel}","templated":true}]}}