{"id":666146,"date":"2026-01-15T20:39:10","date_gmt":"2026-01-15T20:39:10","guid":{"rendered":"https:\/\/www.europesays.com\/fr\/666146\/"},"modified":"2026-01-15T20:39:10","modified_gmt":"2026-01-15T20:39:10","slug":"grenoble-la-confederation-paysanne-rassemble-une-cinquantaine-de-manifestants-devant-la-prefecture","status":"publish","type":"post","link":"https:\/\/www.europesays.com\/fr\/666146\/","title":{"rendered":"Grenoble\u00a0: la Conf\u00e9d\u00e9ration paysanne rassemble une cinquantaine de manifestants devant la pr\u00e9fecture"},"content":{"rendered":"<p>Des militants venus soutenir, ce jeudi soir, les 52 militants du syndicat agricole plac\u00e9s en garde \u00e0 vue \u00e0 Paris apr\u00e8s une intrusion dans une annexe du Minist\u00e8re de l&rsquo;agriculture. Quatre de ces agriculteurs sont Is\u00e9rois. <\/p>\n<p>Ce jeudi soir, une cinquantaine de personnes sont venues manifester sur la place de Verdun \u00e0 Grenoble, devant la Pr\u00e9fecture de l&rsquo;Is\u00e8re, pour d\u00e9noncer le placement en garde \u00e0 vue \u00e0 Paris de 52 militants de la Conf\u00e9d\u00e9ration paysanne apr\u00e8s une intrusion dans une annexe du Minist\u00e8re de l&rsquo;agriculture. Quatre de ces agriculteurs sont Is\u00e9rois &#8211; les 52 gard\u00e9s \u00e0 vue ont \u00e9t\u00e9 rel\u00e2ch\u00e9s ce jeudi au lendemain de leur interpellation.<\/p>\n<p>Devant les fen\u00eatres de la Pr\u00e9fecture de l&rsquo;Is\u00e8re, l&rsquo;une des porte-paroles de la Conf\u00e9d\u00e9ration paysanne a, tout, comme le s\u00e9nateur \u00e9cologiste Guillaume Gontard, pr\u00e9sent lors du rassemblement, d\u00e9nonc\u00e9 un <strong>\u00ab\u00a0deux poids-deux mesures\u00a0\u00bb<\/strong>. Les manifestants d\u00e9noncent une diff\u00e9rence de traitement du gouvernement entre les syndicats agricoles minoritaires, comme la Conf\u00e9d\u00e9ration paysanne, et le syndicat majoritaire, la FNSEA. La Conf\u00e9d\u00e9ration paysanne r\u00e9clame d&rsquo;\u00eatre entendue par les autorit\u00e9s sur son opposition au trait\u00e9 du Mercosur et sur la gestion de l&rsquo;\u00e9pid\u00e9mie de dermatose nodulaire contagieuse. Le syndicat agricole pr\u00f4ne par ailleurs un autre mod\u00e8le agricole.<\/p>\n","protected":false},"excerpt":{"rendered":"Des militants venus soutenir, ce jeudi soir, les 52 militants du syndicat agricole plac\u00e9s en garde \u00e0 vue&hellip;\n","protected":false},"author":2,"featured_media":666147,"comment_status":"","ping_status":"","sticky":false,"template":"","format":"standard","meta":{"footnotes":""},"categories":[9566],"tags":[1111,11,2430,1777,674,1011,27,2731,12,25],"class_list":{"0":"post-666146","1":"post","2":"type-post","3":"status-publish","4":"format-standard","5":"has-post-thumbnail","7":"category-grenoble","8":"tag-actu","9":"tag-actualites","10":"tag-auvergne-rhone-alpes","11":"tag-eu","12":"tag-europe","13":"tag-fr","14":"tag-france","15":"tag-grenoble","16":"tag-news","17":"tag-republique-francaise"},"share_on_mastodon":{"url":"","error":""},"_links":{"self":[{"href":"https:\/\/www.europesays.com\/fr\/wp-json\/wp\/v2\/posts\/666146","targetHints":{"allow":["GET"]}}],"collection":[{"href":"https:\/\/www.europesays.com\/fr\/wp-json\/wp\/v2\/posts"}],"about":[{"href":"https:\/\/www.europesays.com\/fr\/wp-json\/wp\/v2\/types\/post"}],"author":[{"embeddable":true,"href":"https:\/\/www.europesays.com\/fr\/wp-json\/wp\/v2\/users\/2"}],"replies":[{"embeddable":true,"href":"https:\/\/www.europesays.com\/fr\/wp-json\/wp\/v2\/comments?post=666146"}],"version-history":[{"count":0,"href":"https:\/\/www.europesays.com\/fr\/wp-json\/wp\/v2\/posts\/666146\/revisions"}],"wp:featuredmedia":[{"embeddable":true,"href":"https:\/\/www.europesays.com\/fr\/wp-json\/wp\/v2\/media\/666147"}],"wp:attachment":[{"href":"https:\/\/www.europesays.com\/fr\/wp-json\/wp\/v2\/media?parent=666146"}],"wp:term":[{"taxonomy":"category","embeddable":true,"href":"https:\/\/www.europesays.com\/fr\/wp-json\/wp\/v2\/categories?post=666146"},{"taxonomy":"post_tag","embeddable":true,"href":"https:\/\/www.europesays.com\/fr\/wp-json\/wp\/v2\/tags?post=666146"}],"curies":[{"name":"wp","href":"https:\/\/api.w.org\/{rel}","templated":true}]}}