{"id":66615,"date":"2025-05-01T09:58:09","date_gmt":"2025-05-01T09:58:09","guid":{"rendered":"https:\/\/www.europesays.com\/fr\/66615\/"},"modified":"2025-05-01T09:58:09","modified_gmt":"2025-05-01T09:58:09","slug":"2000-forces-de-lordre-mobilisees-pour-la-manifestation-a-paris-les-autorites-craignent-des-debordements","status":"publish","type":"post","link":"https:\/\/www.europesays.com\/fr\/66615\/","title":{"rendered":"2000 forces de l\u2019ordre mobilis\u00e9es pour la manifestation \u00e0 Paris, les autorit\u00e9s craignent des \u00abd\u00e9bordements\u00bb"},"content":{"rendered":"<p>Si le pr\u00e9fet, Laurent Nu\u00f1ez, estime que le d\u00e9fil\u00e9 parisien entre place d\u2019Italie et place de la Nation pour le 1er mai devrait se d\u00e9rouler \u00abnormalement et dans le calme\u00bb, il met aussi en garde contre des d\u00e9bordements.<\/p>\n<p class=\"fig-paragraph\">Les syndicats appellent \u00e0 la mobilisation \u00e0 paris ce jeudi 1er mai,\u00a0<a href=\"https:\/\/www.lefigaro.fr\/conjoncture\/direct-1er-mai-les-syndicats-manifestent-dans-toute-la-france-melenchon-a-paris-le-pen-et-bardella-a-narbonne-20250501\" target=\"_blank\" data-fig-type=\"Live\" rel=\"noopener\" data-gtm-custom-categorie=\"navigation\" data-gtm-custom-action=\"crossclick\" data-gtm-custom-label=\"Contextuel\" data-gtm-event=\"customEventSPE\" data-fig-domain=\"LEFIGARO\">\u00e0 partir de 14 heures au d\u00e9part de la place d\u2019Italie<\/a>. \u00abIl y a aura \u00e9norm\u00e9ment de contr\u00f4les autour de cette manifestation\u00bb,\u00a0<a href=\"https:\/\/www.bfmtv.com\/paris\/manifestation-du-1er-mai-laurent-nunez-craint-des-debordements-a-paris-2000-forces-de-l-ordre-mobilisees_AV-202505010228.html\" target=\"_blank\" rel=\"nofollow noopener\" data-gtm-custom-categorie=\"navigation\" data-gtm-custom-action=\"crossclick\" data-gtm-custom-label=\"Contextuel\" data-gtm-event=\"customEventSPE\">annonce sur RMC-BFM<\/a>\u00a0le pr\u00e9fet de police de Paris Laurent Nu\u00f1ez, disant craindre des \u00abd\u00e9bordements\u00bb. Par cons\u00e9quent, \u00ab2000 forces de l\u2019ordre\u00bb seront mobilis\u00e9es dans la capitale, dit-il.<\/p>\n<p class=\"fig-paragraph\">\u00abOn le sait, on a maintenant une exp\u00e9rience longue et riche pour savoir qu\u2019il y aura des fauteurs de troubles qui viendront\u00bb, explique le pr\u00e9fet de police. \u00abIl y a quelques centaines d\u2019\u00e9l\u00e9ments radicaux et vous avez toujours des personnes qui viennent se m\u00ealer \u00e0 ces groupes de casseurs\u00bb.<\/p>\n<p>\u00abNous interviendrons avec beaucoup de fermet\u00e9\u00bb<\/p>\n<p class=\"fig-paragraph\">Les autorit\u00e9s \u00e9valuent \u00e0 quelques centaines le<a href=\"http:\/\/www.lefigaro.fr\/actualite-france\/dissolution-de-groupes-d-ultragauche-surveillance-accrue-a-narbonne-ce-qui-est-prevu-pour-le-1er-mai-20250430\" target=\"_blank\" data-fig-type=\"Article\" rel=\"noopener\" data-gtm-custom-categorie=\"navigation\" data-gtm-custom-action=\"crossclick\" data-gtm-custom-label=\"Contextuel\" data-gtm-event=\"customEventSPE\" data-fig-domain=\"LEFIGARO\">\u00a0nombre de ces \u00e9l\u00e9ments perturbateurs<\/a>\u00a0qui pourraient troubler le bon d\u00e9roulement du d\u00e9fil\u00e9. \u00abOn ne tol\u00e9rera aucun d\u00e9bordement\u00bb, promet Laurent Nu\u00f1ez.<\/p>\n<p class=\"fig-paragraph\">\u00abLe cort\u00e8ge se d\u00e9roulera normalement et dans le calme, mais il faut \u00e9viter d\u2019aller au contact des \u00e9l\u00e9ments radicaux, surtout s\u2019ils commettent des exactions puisque nous interviendrons avec beaucoup de fermet\u00e9\u00bb, r\u00e9sume le pr\u00e9fet de police.<\/p>\n<p class=\"fig-paragraph\"><a href=\"http:\/\/www.lefigaro.fr\/international\/apres-100-jours-de-mandat-pourquoi-la-baisse-de-popularite-de-trump-n-a-rien-d-un-ecroulement-20250429\" target=\"_blank\" data-fig-type=\"Article\" rel=\"noopener\" data-gtm-custom-categorie=\"navigation\" data-gtm-custom-action=\"crossclick\" data-gtm-custom-label=\"Contextuel\" data-gtm-event=\"customEventSPE\" data-fig-domain=\"LEFIGARO\">Cent jours apr\u00e8s l\u2019arriv\u00e9e de Donald Trump<\/a>\u00a0au pouvoir, la CGT, la FSU et Solidaires veulent aussi faire de cette journ\u00e9e du 1er Mai un temps fort \u00abcontre la trumpisation du monde et l\u2019internationale r\u00e9actionnaire qui se d\u00e9veloppe partout\u00bb, selon Thomas Vacheron, cadre de la CGT.<\/p>\n<p class=\"fig-paragraph\">Ces organisations ont ainsi convi\u00e9 des syndicalistes internationaux (am\u00e9ricain, belge, argentin, notamment), dont Esther Lynch, Secr\u00e9taire g\u00e9n\u00e9rale de la Conf\u00e9d\u00e9ration europ\u00e9enne des syndicats, \u00e0 se joindre au d\u00e9fil\u00e9 parisien.<\/p>\n<p class=\"fig-paragraph\">Apr\u00e8s une tr\u00e8s forte affluence en 2023 pour le d\u00e9fil\u00e9 du 1er-Mai (entre 800.000 sur l\u2019ensemble du pays, selon les autorit\u00e9s et 2,3 millions, selon la CGT), marqu\u00e9e par une unit\u00e9 syndicale en pleine opposition \u00e0 la r\u00e9forme des retraites, la mobilisation devrait attirer cette ann\u00e9e 100.000 \u00e0 150.000 personnes dans toute la France.<\/p>\n","protected":false},"excerpt":{"rendered":"Si le pr\u00e9fet, Laurent Nu\u00f1ez, estime que le d\u00e9fil\u00e9 parisien entre place d\u2019Italie et place de la Nation&hellip;\n","protected":false},"author":2,"featured_media":66616,"comment_status":"","ping_status":"","sticky":false,"template":"","format":"standard","meta":{"footnotes":""},"categories":[1888],"tags":[10916,1111,1928,47,11,1927,1109,1112,1777,674,118,1108,107,1106,1107,1011,27,1110,1114,14,5454,12,1926,1113,626,1925,316,25],"class_list":{"0":"post-66615","1":"post","2":"type-post","3":"status-publish","4":"format-standard","5":"has-post-thumbnail","7":"category-paris","8":"tag-1er-mai","9":"tag-actu","10":"tag-actu-paris","11":"tag-actualite","12":"tag-actualites","13":"tag-actualites-paris","14":"tag-breves","15":"tag-depeches","16":"tag-eu","17":"tag-europe","18":"tag-faits-divers","19":"tag-fil","20":"tag-fil-info","21":"tag-flash","22":"tag-flash-actu","23":"tag-fr","24":"tag-france","25":"tag-informations","26":"tag-infos","27":"tag-international","28":"tag-laurent-nunez","29":"tag-news","30":"tag-news-paris","31":"tag-nouvelles","32":"tag-paris","33":"tag-paris-news","34":"tag-politique","35":"tag-republique-francaise"},"share_on_mastodon":{"url":"https:\/\/pubeurope.com\/@fr\/114431990634542355","error":""},"_links":{"self":[{"href":"https:\/\/www.europesays.com\/fr\/wp-json\/wp\/v2\/posts\/66615","targetHints":{"allow":["GET"]}}],"collection":[{"href":"https:\/\/www.europesays.com\/fr\/wp-json\/wp\/v2\/posts"}],"about":[{"href":"https:\/\/www.europesays.com\/fr\/wp-json\/wp\/v2\/types\/post"}],"author":[{"embeddable":true,"href":"https:\/\/www.europesays.com\/fr\/wp-json\/wp\/v2\/users\/2"}],"replies":[{"embeddable":true,"href":"https:\/\/www.europesays.com\/fr\/wp-json\/wp\/v2\/comments?post=66615"}],"version-history":[{"count":0,"href":"https:\/\/www.europesays.com\/fr\/wp-json\/wp\/v2\/posts\/66615\/revisions"}],"wp:featuredmedia":[{"embeddable":true,"href":"https:\/\/www.europesays.com\/fr\/wp-json\/wp\/v2\/media\/66616"}],"wp:attachment":[{"href":"https:\/\/www.europesays.com\/fr\/wp-json\/wp\/v2\/media?parent=66615"}],"wp:term":[{"taxonomy":"category","embeddable":true,"href":"https:\/\/www.europesays.com\/fr\/wp-json\/wp\/v2\/categories?post=66615"},{"taxonomy":"post_tag","embeddable":true,"href":"https:\/\/www.europesays.com\/fr\/wp-json\/wp\/v2\/tags?post=66615"}],"curies":[{"name":"wp","href":"https:\/\/api.w.org\/{rel}","templated":true}]}}