{"id":666150,"date":"2026-01-15T20:41:32","date_gmt":"2026-01-15T20:41:32","guid":{"rendered":"https:\/\/www.europesays.com\/fr\/666150\/"},"modified":"2026-01-15T20:41:32","modified_gmt":"2026-01-15T20:41:32","slug":"rennes-plusieurs-agressions-signalees-dans-le-quartier-sud-gare","status":"publish","type":"post","link":"https:\/\/www.europesays.com\/fr\/666150\/","title":{"rendered":"Rennes : plusieurs agressions signal\u00e9es dans le quartier Sud-Gare"},"content":{"rendered":"<p style=\"text-align: justify;\" data-start=\"304\" data-end=\"644\">Plusieurs agressions impliquant des jeunes ont \u00e9t\u00e9 signal\u00e9es ces derniers jours dans le quartier Sud-Gare \u00e0 Rennes, notamment aux abords de la place Th\u00e9r\u00e8se-Pierre et du m\u00e9tro Jacques-Cartier. Les faits se seraient produits \u00e0 chaque fois en d\u00e9but de soir\u00e9e, autour de 19 h 30. D\u2019apr\u00e8s nos informations, au moins quatre agressions auraient \u00e9t\u00e9 recens\u00e9es \u00a0dans des conditions similaires. L\u2019une d\u2019elles concerne un jeune homme de 18 ans, agress\u00e9 mardi soir en sortant de la station Jacques-Cartier. La victime aurait \u00e9t\u00e9 prise \u00e0 partie par plusieurs individus et d\u00e9pouill\u00e9e de ses effets personnels, dont son t\u00e9l\u00e9phone et son ordinateur portable, ce qui l\u2019aurait emp\u00each\u00e9e de contacter imm\u00e9diatement les secours. Depuis, les faits ont \u00e9t\u00e9 port\u00e9s \u00e0 la connaissance de la Ville de Rennes.\u00a0Face \u00e0 cette situation, la municipalit\u00e9 aurait sollicit\u00e9 la direction de la police municipale. \u00ab Les \u00e9quipes porteront une attention renforc\u00e9e \u00e0 ce secteur dans les jours et les semaines \u00e0 venir \u00bb, pr\u00e9cise l\u2019\u00e9lue dans un courrier. Les autorit\u00e9s rappellent \u00a0l\u2019importance pour les victimes et leurs familles de d\u00e9poser plainte afin que ces faits puissent \u00eatre pris en compte par les services de police et faire l\u2019objet d\u2019investigations. La police a pr\u00e9vu de renforcer ses patrouilles.\u00a0<\/p>\n","protected":false},"excerpt":{"rendered":"Plusieurs agressions impliquant des jeunes ont \u00e9t\u00e9 signal\u00e9es ces derniers jours dans le quartier Sud-Gare \u00e0 Rennes, notamment&hellip;\n","protected":false},"author":2,"featured_media":97878,"comment_status":"","ping_status":"","sticky":false,"template":"","format":"standard","meta":{"footnotes":""},"categories":[2821],"tags":[1111,11,829,1777,674,1011,27,12,584,25],"class_list":{"0":"post-666150","1":"post","2":"type-post","3":"status-publish","4":"format-standard","5":"has-post-thumbnail","7":"category-rennes","8":"tag-actu","9":"tag-actualites","10":"tag-bretagne","11":"tag-eu","12":"tag-europe","13":"tag-fr","14":"tag-france","15":"tag-news","16":"tag-rennes","17":"tag-republique-francaise"},"share_on_mastodon":{"url":"https:\/\/pubeurope.com\/@fr\/115901057226389188","error":""},"_links":{"self":[{"href":"https:\/\/www.europesays.com\/fr\/wp-json\/wp\/v2\/posts\/666150","targetHints":{"allow":["GET"]}}],"collection":[{"href":"https:\/\/www.europesays.com\/fr\/wp-json\/wp\/v2\/posts"}],"about":[{"href":"https:\/\/www.europesays.com\/fr\/wp-json\/wp\/v2\/types\/post"}],"author":[{"embeddable":true,"href":"https:\/\/www.europesays.com\/fr\/wp-json\/wp\/v2\/users\/2"}],"replies":[{"embeddable":true,"href":"https:\/\/www.europesays.com\/fr\/wp-json\/wp\/v2\/comments?post=666150"}],"version-history":[{"count":0,"href":"https:\/\/www.europesays.com\/fr\/wp-json\/wp\/v2\/posts\/666150\/revisions"}],"wp:featuredmedia":[{"embeddable":true,"href":"https:\/\/www.europesays.com\/fr\/wp-json\/wp\/v2\/media\/97878"}],"wp:attachment":[{"href":"https:\/\/www.europesays.com\/fr\/wp-json\/wp\/v2\/media?parent=666150"}],"wp:term":[{"taxonomy":"category","embeddable":true,"href":"https:\/\/www.europesays.com\/fr\/wp-json\/wp\/v2\/categories?post=666150"},{"taxonomy":"post_tag","embeddable":true,"href":"https:\/\/www.europesays.com\/fr\/wp-json\/wp\/v2\/tags?post=666150"}],"curies":[{"name":"wp","href":"https:\/\/api.w.org\/{rel}","templated":true}]}}