{"id":666158,"date":"2026-01-15T20:46:26","date_gmt":"2026-01-15T20:46:26","guid":{"rendered":"https:\/\/www.europesays.com\/fr\/666158\/"},"modified":"2026-01-15T20:46:26","modified_gmt":"2026-01-15T20:46:26","slug":"en-2026-le-voyage-a-nantes-parcourt-la-terre","status":"publish","type":"post","link":"https:\/\/www.europesays.com\/fr\/666158\/","title":{"rendered":"En 2026, le Voyage \u00e0 Nantes parcourt la terre"},"content":{"rendered":"<p>Cette ann\u00e9e marquera le d\u00e9but d\u2019un cycle qui explorera chaque ann\u00e9e les \u00e9l\u00e9ments : la terre, l\u2019eau, l\u2019air et le feu. \u00ab\u00a0Nous voulions insister sur la dimension naturelle, cyclique, \u00e9ternelle, universelle de la part de nature qui nous environne et qui inspire les artistes\u00a0\u00bb, explique Sophie L\u00e9vy, directrice g\u00e9n\u00e9rale du VAN. L\u2019ann\u00e9e 2026 sera ainsi plac\u00e9e sous le signe de la terre. \u00ab\u00a0Elle est l\u2019endroit o\u00f9 s\u2019inscrit l\u2019histoire, mais elle soul\u00e8ve aussi des questions politiques, des questions \u00e9cologiques. La terre, nous nous la partageons, nous nous la disputons, elle nous nourrit, c\u2019est aussi le nom de notre globe, et ce sont tous les mythes qui nous constituent\u00a0\u00bb, poursuit Sophie L\u00e9vy.<\/p>\n<p>D\u00e8s le 23 mai, la HAB galerie installera le th\u00e8me avec l\u2019exposition INTERSTELLAR. Une vingtaine d\u2019artistes y exploreront l\u2019infiniment petit et l\u2019infiniment grand autour d\u2019une question\u00a0: \u00ab\u00a0Et si nous r\u00e9-imaginions la Terre ?\u00a0\u00bb.<\/p>\n<p>Le parcours estival d\u00e9butera le 4 juillet, d\u00e9ployant quatorze \u0153uvres in\u00e9dites dans la ville. Parmi les artistes invit\u00e9s \u00e0 s\u2019exprimer autour du th\u00e8me et des lieux, deux noms ont d\u00e9j\u00e0 \u00e9t\u00e9 souffl\u00e9s\u00a0: ceux de Caroline Le M\u00e9haut\u00e9 et d\u2019Ali Cherri. Pour la premi\u00e8re fois, les cryptes de la cath\u00e9drale et le Jardin extraordinaire seront investis par des \u0153uvres.<\/p>\n","protected":false},"excerpt":{"rendered":"Cette ann\u00e9e marquera le d\u00e9but d\u2019un cycle qui explorera chaque ann\u00e9e les \u00e9l\u00e9ments : la terre, l\u2019eau, l\u2019air&hellip;\n","protected":false},"author":2,"featured_media":666159,"comment_status":"","ping_status":"","sticky":false,"template":"","format":"standard","meta":{"footnotes":""},"categories":[2818],"tags":[1111,11,1777,674,1011,27,766,12,2636,25],"class_list":{"0":"post-666158","1":"post","2":"type-post","3":"status-publish","4":"format-standard","5":"has-post-thumbnail","7":"category-nantes","8":"tag-actu","9":"tag-actualites","10":"tag-eu","11":"tag-europe","12":"tag-fr","13":"tag-france","14":"tag-nantes","15":"tag-news","16":"tag-pays-de-la-loire","17":"tag-republique-francaise"},"share_on_mastodon":{"url":"https:\/\/pubeurope.com\/@fr\/115901076826706497","error":""},"_links":{"self":[{"href":"https:\/\/www.europesays.com\/fr\/wp-json\/wp\/v2\/posts\/666158","targetHints":{"allow":["GET"]}}],"collection":[{"href":"https:\/\/www.europesays.com\/fr\/wp-json\/wp\/v2\/posts"}],"about":[{"href":"https:\/\/www.europesays.com\/fr\/wp-json\/wp\/v2\/types\/post"}],"author":[{"embeddable":true,"href":"https:\/\/www.europesays.com\/fr\/wp-json\/wp\/v2\/users\/2"}],"replies":[{"embeddable":true,"href":"https:\/\/www.europesays.com\/fr\/wp-json\/wp\/v2\/comments?post=666158"}],"version-history":[{"count":0,"href":"https:\/\/www.europesays.com\/fr\/wp-json\/wp\/v2\/posts\/666158\/revisions"}],"wp:featuredmedia":[{"embeddable":true,"href":"https:\/\/www.europesays.com\/fr\/wp-json\/wp\/v2\/media\/666159"}],"wp:attachment":[{"href":"https:\/\/www.europesays.com\/fr\/wp-json\/wp\/v2\/media?parent=666158"}],"wp:term":[{"taxonomy":"category","embeddable":true,"href":"https:\/\/www.europesays.com\/fr\/wp-json\/wp\/v2\/categories?post=666158"},{"taxonomy":"post_tag","embeddable":true,"href":"https:\/\/www.europesays.com\/fr\/wp-json\/wp\/v2\/tags?post=666158"}],"curies":[{"name":"wp","href":"https:\/\/api.w.org\/{rel}","templated":true}]}}