{"id":666160,"date":"2026-01-15T20:47:38","date_gmt":"2026-01-15T20:47:38","guid":{"rendered":"https:\/\/www.europesays.com\/fr\/666160\/"},"modified":"2026-01-15T20:47:38","modified_gmt":"2026-01-15T20:47:38","slug":"les-bleus-de-didier-deschamps-a-la-beaujoire","status":"publish","type":"post","link":"https:\/\/www.europesays.com\/fr\/666160\/","title":{"rendered":"les Bleus de Didier Deschamps \u00e0 la Beaujoire"},"content":{"rendered":"<p><img decoding=\"async\" class=\"\" style=\"width:100%;max-width:100%\" src=\"https:\/\/www.europesays.com\/fr\/wp-content\/uploads\/2026\/01\/beaujoire_11758268280784-format16by9.jpg\" alt=\"Beaujoire Nantes\"\/><\/p>\n<p>Le stade de la Beaujoire attend les joueurs de Didier Deschamps le 4 juin !<\/p>\n<p>Cr\u00e9dit : Alouette DR<\/p>\n<p style=\"text-align: justify;\"><strong>Les 35\u00a0000 places du stade de la Beaujoire devraient rapidement trouver preneur le 4 juin prochain\u00a0!<\/strong> C\u2019est en effet \u00e0 ce jour-l\u00e0 que <strong>les Bleus de l\u2019Equipe de France <\/strong>de Foot viendront \u00e0 Nantes pour disputer un match de pr\u00e9paration au Mondial 2026.<\/p>\n<p>Quel adversaire\u00a0?<\/p>\n<p style=\"text-align: justify;\">Si la date est d\u00e9j\u00e0 not\u00e9e dans l\u2019agenda, pas d\u2019information pour le moment en ce qui concerne le futur adversaire des Bleus : seule certitude, il s\u2019agira d\u2019une \u00e9quipe qui a particip\u00e9 \u00e0 la toute derni\u00e8re Coupe d\u2019Afrique des Nations, qui s\u2019ach\u00e8ve ce week-end au Maroc, pr\u00e9cise la FFF (F\u00e9d\u00e9ration Fran\u00e7aise de Foot).<\/p>\n<p style=\"text-align: justify;\">Pas d\u2019infos non plus en ce qui concerne l\u2019ouverture de la billetterie.<\/p>\n<p>Avant le Mondial<\/p>\n<p style=\"text-align: justify;\">Les Bleus pr\u00e9pareront la Coupe du Monde avec <strong>une autre rencontre amicale, programm\u00e9e le 8 juin<\/strong> face \u00e0 une formation europ\u00e9enne, peut-\u00eatre \u00e0 Lille.<\/p>\n<p style=\"text-align: justify;\">D\u00e9collage le lendemain pour les Etats-Unis. Le camp de base des champions du monde 2018 se trouve \u00e0 Boston.<\/p>\n<p style=\"text-align: justify;\">Les joueurs de Didier Deschamps d\u00e9buteront la comp\u00e9tition le mardi 16 juin \u00e0 New York \u00a0face au S\u00e9n\u00e9gal. Les deux autres matchs de poule sont programm\u00e9s le 22 juin, \u00e0 Philadelphie, face \u00e0 une \u00e9quipe qui sera d\u00e9sign\u00e9e apr\u00e8s les barrages, et le 26 juin \u00e0 Boston face \u00e0 la Norv\u00e8ge.<\/p>\n","protected":false},"excerpt":{"rendered":"Le stade de la Beaujoire attend les joueurs de Didier Deschamps le 4 juin ! Cr\u00e9dit : Alouette&hellip;\n","protected":false},"author":2,"featured_media":666161,"comment_status":"","ping_status":"","sticky":false,"template":"","format":"standard","meta":{"footnotes":""},"categories":[2818],"tags":[1111,11,10999,2207,1777,674,2257,1011,27,2181,766,12,2636,25,60],"class_list":{"0":"post-666160","1":"post","2":"type-post","3":"status-publish","4":"format-standard","5":"has-post-thumbnail","7":"category-nantes","8":"tag-actu","9":"tag-actualites","10":"tag-beaujoire","11":"tag-bleus","12":"tag-eu","13":"tag-europe","14":"tag-foot","15":"tag-fr","16":"tag-france","17":"tag-mondial","18":"tag-nantes","19":"tag-news","20":"tag-pays-de-la-loire","21":"tag-republique-francaise","22":"tag-sports"},"share_on_mastodon":{"url":"https:\/\/pubeurope.com\/@fr\/115901080734703791","error":""},"_links":{"self":[{"href":"https:\/\/www.europesays.com\/fr\/wp-json\/wp\/v2\/posts\/666160","targetHints":{"allow":["GET"]}}],"collection":[{"href":"https:\/\/www.europesays.com\/fr\/wp-json\/wp\/v2\/posts"}],"about":[{"href":"https:\/\/www.europesays.com\/fr\/wp-json\/wp\/v2\/types\/post"}],"author":[{"embeddable":true,"href":"https:\/\/www.europesays.com\/fr\/wp-json\/wp\/v2\/users\/2"}],"replies":[{"embeddable":true,"href":"https:\/\/www.europesays.com\/fr\/wp-json\/wp\/v2\/comments?post=666160"}],"version-history":[{"count":0,"href":"https:\/\/www.europesays.com\/fr\/wp-json\/wp\/v2\/posts\/666160\/revisions"}],"wp:featuredmedia":[{"embeddable":true,"href":"https:\/\/www.europesays.com\/fr\/wp-json\/wp\/v2\/media\/666161"}],"wp:attachment":[{"href":"https:\/\/www.europesays.com\/fr\/wp-json\/wp\/v2\/media?parent=666160"}],"wp:term":[{"taxonomy":"category","embeddable":true,"href":"https:\/\/www.europesays.com\/fr\/wp-json\/wp\/v2\/categories?post=666160"},{"taxonomy":"post_tag","embeddable":true,"href":"https:\/\/www.europesays.com\/fr\/wp-json\/wp\/v2\/tags?post=666160"}],"curies":[{"name":"wp","href":"https:\/\/api.w.org\/{rel}","templated":true}]}}