{"id":666164,"date":"2026-01-15T20:49:18","date_gmt":"2026-01-15T20:49:18","guid":{"rendered":"https:\/\/www.europesays.com\/fr\/666164\/"},"modified":"2026-01-15T20:49:18","modified_gmt":"2026-01-15T20:49:18","slug":"les-herbiers-sont-ils-le-principal-concurrent-a-la-montee","status":"publish","type":"post","link":"https:\/\/www.europesays.com\/fr\/666164\/","title":{"rendered":"les Herbiers sont-ils le principal concurrent \u00e0 la mont\u00e9e\u00a0?"},"content":{"rendered":"<p>\u00ab\u00a0Le principal rival des Girondins, ce sont les Girondins eux-m\u00eames, r\u00e9pond l\u2019entra\u00eeneur vend\u00e9en Laurent David. Il y a cinq &#8211; six \u00e9quipes qui peuvent pr\u00e9tendre se m\u00ealer \u00e0 la lutte. Mais aujourd\u2019hui, les Bordelais sont devant et ont un budget et un effectif qui sont tels qu\u2019ils ne devraient pas \u00eatre en N2. Ils ont form\u00e9 un vrai groupe. Ils ont beaucoup de solutions au milieu et devant, sont pragmatiques\u00a0: capables d\u2019attendre et de contrer comme de dominer.\u00a0On a essay\u00e9 de rep\u00e9rer l\u00e0 o\u00f9 on peut les surprendre.\u00a0\u00bb<\/p>\n<p>Un automne difficile, un \u00e9lan retrouv\u00e9<\/p>\n<p>Auteur d\u2019un bon d\u00e9but de saison, avec six journ\u00e9es sans d\u00e9faite dont un succ\u00e8s sur le voisin La Roche-sur-Yon (2-0) et des nuls \u00e0 Saint-Malo (0-0) et contre Angoul\u00eame (0-0), les Herbiers ont connu un trou d\u2019air \u00e0 l\u2019automne (d\u00e9faites 2-1 \u00e0 Chauray et 4-2 \u00e0 Lorient, nul 1-1 contre Dinan) avec notamment les graves blessures du lat\u00e9ral droit Redha Freneau et de l\u2019ailier Tanguy Gu\u00e9rineau. Depuis, les hommes de Laurent David ont repris leur \u00e9lan avec six matchs sans d\u00e9faite toutes comp\u00e9titions confondues, dont trois succ\u00e8s cons\u00e9cutifs et l\u2019\u00e9limination cruelle en 32e de finale contre Angers (0-0, 5-6 t.a.b.) apr\u00e8s avoir \u00e9volu\u00e9 35 minutes en inf\u00e9riorit\u00e9 num\u00e9rique, touch\u00e9 mes montants et manqu\u00e9 le penalty de la qualification.<\/p>\n<blockquote><p>\u00ab\u00a0On a eu beaucoup de changements. L\u2019\u00e9quipe progresse mais n\u2019est pas \u00e0 son maximum et encore au niveau de la fin de saison derni\u00e8re\u00a0\u00bb<\/p><\/blockquote>\n<p>\u00ab\u00a0On a\u00a05 points de plus que la saison derni\u00e8re apr\u00e8s 13 matchs. On aurait pu mieux faire mais on a eu tellement de p\u00e9pins, des d\u00e9parts tardifs aussi, qu\u2019il fallait le temps de recomposer les choses. \u00c7a reste un tr\u00e8s bon d\u00e9but de saison. La rencontre contre Angers est \u00e0 relativiser par rapport au contexte, mais \u00e7a a montr\u00e9 aux joueurs qu\u2019on est capable d\u2019exister sur des gros matchs\u00a0\u00bb, dit Laurent David.<\/p>\n<p>Moins d\u2019\u00e9lan offensif, toujours solide<\/p>\n<p>Avec les d\u00e9parts vers la N1 de Guillaume (Versailles) et Ke\u00efta (Villefranche), celui d\u2019Etonde (Bordeaux) et la blessure de Guerineau, les Herbretais ont perdu le quatuor offensif de leur \u00e9lan du printemps dernier. Ils ont retrouv\u00e9 leur avant-centre J\u00e9r\u00e9my Billy (qui avait manqu\u00e9 la moiti\u00e9 de la saison pass\u00e9e sur blessure). Cette saison, la meilleure attaque et meilleure d\u00e9fense 2024-2025 marque moins (7e attaque) mais a conserv\u00e9 sa solidit\u00e9 (3e d\u00e9fense), un gage pour voir haut.<\/p>\n<p>\u00ab\u00a0On a eu beaucoup de changements, dit Laurent David, qui s\u2019appuie sur un 4-3-3. L\u2019\u00e9quipe progresse mais n\u2019est pas \u00e0 son maximum et encore au niveau de la fin de saison derni\u00e8re. On est moins flamboyant dans le jeu mais plus \u00e9quilibr\u00e9, tout en pr\u00f4nant un jeu offensif.\u00a0\u00bb \u00ab\u00a0Ils jouent un beau football, essaient de ressortir toujours proprement. Ils utilisent peut-\u00eatre plus les transitions et sont plus performants que la saison derni\u00e8re l\u00e0-dessus\u00a0\u00bb, dit l\u2019entra\u00eeneur bordelais Bruno Irles.<\/p>\n<p>Billy, un buteur haut de gamme\u2026 absent samedi<\/p>\n<p>Choletais ayant fait quasiment toute sa carri\u00e8re en Vend\u00e9e et en N2 (une saison en N3), auteur de 80 buts en 196 matchs, l\u2019avant-centre J\u00e9r\u00e9my Billy est \u00e0 31\u00a0ans sur un nuage\u00a0: 10 buts en 15 rencontres disput\u00e9es la saison derni\u00e8re, 9 buts en 12 apparitions cette saison (soit 50\u00a0% des r\u00e9alisations de son \u00e9quipe). Un atout de poids pour jouer la mont\u00e9e. \u00ab\u00a0C\u2019est un tr\u00e8s bon joueur. Contre Angers, o\u00f9 il \u00e9tait pourtant isol\u00e9, il a tr\u00e8s bien r\u00e9sist\u00e9\u00a0\u00bb, constate l\u2019entra\u00eeneur bordelais Bruno Irles.<\/p>\n<p>L\u2019actuel meilleur buteur de la poule, qui avait manqu\u00e9 les rencontres face aux Girondins la saison derni\u00e8re \u00e0 cause de sa fracture, sera toutefois suspendu samedi. \u00ab\u00a0\u00c7a change beaucoup de choses forc\u00e9ment. \u00c7a fait partie d\u2019une saison et ils ont des joueurs qui doivent \u00eatre capables de le suppl\u00e9er\u00a0\u00bb Laurent David.<\/p>\n<p>Un public et de l\u2019exp\u00e9rience<\/p>\n","protected":false},"excerpt":{"rendered":"\u00ab\u00a0Le principal rival des Girondins, ce sont les Girondins eux-m\u00eames, r\u00e9pond l\u2019entra\u00eeneur vend\u00e9en Laurent David. Il y a&hellip;\n","protected":false},"author":2,"featured_media":666165,"comment_status":"","ping_status":"","sticky":false,"template":"","format":"standard","meta":{"footnotes":""},"categories":[2817],"tags":[1111,11,1997,1777,674,1011,27,12,2219,25],"class_list":{"0":"post-666164","1":"post","2":"type-post","3":"status-publish","4":"format-standard","5":"has-post-thumbnail","7":"category-bordeaux","8":"tag-actu","9":"tag-actualites","10":"tag-bordeaux","11":"tag-eu","12":"tag-europe","13":"tag-fr","14":"tag-france","15":"tag-news","16":"tag-nouvelle-aquitaine","17":"tag-republique-francaise"},"share_on_mastodon":{"url":"https:\/\/pubeurope.com\/@fr\/115901088714236680","error":""},"_links":{"self":[{"href":"https:\/\/www.europesays.com\/fr\/wp-json\/wp\/v2\/posts\/666164","targetHints":{"allow":["GET"]}}],"collection":[{"href":"https:\/\/www.europesays.com\/fr\/wp-json\/wp\/v2\/posts"}],"about":[{"href":"https:\/\/www.europesays.com\/fr\/wp-json\/wp\/v2\/types\/post"}],"author":[{"embeddable":true,"href":"https:\/\/www.europesays.com\/fr\/wp-json\/wp\/v2\/users\/2"}],"replies":[{"embeddable":true,"href":"https:\/\/www.europesays.com\/fr\/wp-json\/wp\/v2\/comments?post=666164"}],"version-history":[{"count":0,"href":"https:\/\/www.europesays.com\/fr\/wp-json\/wp\/v2\/posts\/666164\/revisions"}],"wp:featuredmedia":[{"embeddable":true,"href":"https:\/\/www.europesays.com\/fr\/wp-json\/wp\/v2\/media\/666165"}],"wp:attachment":[{"href":"https:\/\/www.europesays.com\/fr\/wp-json\/wp\/v2\/media?parent=666164"}],"wp:term":[{"taxonomy":"category","embeddable":true,"href":"https:\/\/www.europesays.com\/fr\/wp-json\/wp\/v2\/categories?post=666164"},{"taxonomy":"post_tag","embeddable":true,"href":"https:\/\/www.europesays.com\/fr\/wp-json\/wp\/v2\/tags?post=666164"}],"curies":[{"name":"wp","href":"https:\/\/api.w.org\/{rel}","templated":true}]}}