{"id":666168,"date":"2026-01-15T20:51:13","date_gmt":"2026-01-15T20:51:13","guid":{"rendered":"https:\/\/www.europesays.com\/fr\/666168\/"},"modified":"2026-01-15T20:51:13","modified_gmt":"2026-01-15T20:51:13","slug":"toulouse-encore-une-chute-depuis-un-pont-du-peripherique-un-homme-grievement-blesse","status":"publish","type":"post","link":"https:\/\/www.europesays.com\/fr\/666168\/","title":{"rendered":"Toulouse. Encore une chute depuis un pont du p\u00e9riph\u00e9rique, un homme gri\u00e8vement bless\u00e9"},"content":{"rendered":"<p>                    Par<br \/>\n        <strong><br \/>\n            <a href=\"https:\/\/actu.fr\/auteur\/lucie-2\" title=\"Consulter tous les articles de Lucie Fraisse\" target=\"_blank\" rel=\"noopener\">Lucie Fraisse<\/a><br \/>\n                    <\/strong><\/p>\n<p>        Publi\u00e9 le<\/p>\n<p>            15 janv. 2026 \u00e0 19h08        <\/p>\n<p>Nouveau drame sur le p\u00e9riph\u00e9rique de <a href=\"https:\/\/actu.fr\/toulouse\/\" target=\"_blank\" rel=\"noopener\">Toulouse<\/a>, ce jeudi 15\u00a0janvier 2026. Alors qu\u2019un <a href=\"https:\/\/actu.fr\/occitanie\/toulouse_31555\/toulouse-un-homme-grievement-blesse-apres-une-chute-d-un-pont-sur-le-peripherique_63697881.html\" target=\"_blank\" rel=\"noopener\">homme de 30\u00a0ans avait d\u00e9j\u00e0 chut\u00e9 d\u2019un pont enjambant la rocade<\/a> en d\u00e9but de matin\u00e9e mercredi 14\u00a0janvier 2026, les faits se sont reproduits ce jeudi 15\u00a0janvier 2026.<\/p>\n<p>Un homme d\u2019une cinquantaine d\u2019ann\u00e9es<\/p>\n<p class=\" wall-content\">Cette fois-ci, c\u2019est un homme d\u2019une cinquantaine d\u2019ann\u00e9es qui a chut\u00e9 d\u2019un pont surplombant le p\u00e9riph\u00e9rique.<\/p>\n<p class=\" wall-content\">Il est tomb\u00e9 sur le p\u00e9riph\u00e9rique int\u00e9rieur au niveau <strong>de l\u2019\u00e9changeur de la Roseraie<\/strong>.<\/p>\n<p>Pris en charge par une \u00e9quipe du SMUR<\/p>\n<p class=\" wall-content\">L\u2019homme a \u00e9t\u00e9 pris en charge par une \u00e9quipe du SMUR et transport\u00e9 en urgence absolue vers un centre hospitalier. La police a \u00e9t\u00e9 mobilis\u00e9e sur place.<\/p>\n<p class=\" wall-content\">Personnalisez votre actualit\u00e9 en ajoutant vos villes et m\u00e9dias en favori avec <a href=\"https:\/\/moncompte.actu.fr\" title=\"D\u00e9couvez Mon Actu\" rel=\"nofollow noopener\" data-trk=\"{&quot;cta&quot;:{&quot;action&quot;:&quot;https:\\\/\\\/moncompte.actu.fr&quot;,&quot;category&quot;:&quot;mon compte&quot;,&quot;from&quot;:&quot;article footer&quot;,&quot;name&quot;:&quot;Mon actu&quot;,&quot;type&quot;:&quot;cta&quot;}}\" target=\"_blank\">Mon Actu<\/a>.<\/p>\n","protected":false},"excerpt":{"rendered":"Par Lucie Fraisse Publi\u00e9 le 15 janv. 2026 \u00e0 19h08 Nouveau drame sur le p\u00e9riph\u00e9rique de Toulouse, ce&hellip;\n","protected":false},"author":2,"featured_media":666169,"comment_status":"","ping_status":"","sticky":false,"template":"","format":"standard","meta":{"footnotes":""},"categories":[2816],"tags":[1111,11,1777,674,118,1011,27,12,2680,4800,1311,25,2312],"class_list":{"0":"post-666168","1":"post","2":"type-post","3":"status-publish","4":"format-standard","5":"has-post-thumbnail","7":"category-toulouse","8":"tag-actu","9":"tag-actualites","10":"tag-eu","11":"tag-europe","12":"tag-faits-divers","13":"tag-fr","14":"tag-france","15":"tag-news","16":"tag-occitanie","17":"tag-peripherique-de-toulouse","18":"tag-pompiers","19":"tag-republique-francaise","20":"tag-toulouse"},"share_on_mastodon":{"url":"https:\/\/pubeurope.com\/@fr\/115901096565094935","error":""},"_links":{"self":[{"href":"https:\/\/www.europesays.com\/fr\/wp-json\/wp\/v2\/posts\/666168","targetHints":{"allow":["GET"]}}],"collection":[{"href":"https:\/\/www.europesays.com\/fr\/wp-json\/wp\/v2\/posts"}],"about":[{"href":"https:\/\/www.europesays.com\/fr\/wp-json\/wp\/v2\/types\/post"}],"author":[{"embeddable":true,"href":"https:\/\/www.europesays.com\/fr\/wp-json\/wp\/v2\/users\/2"}],"replies":[{"embeddable":true,"href":"https:\/\/www.europesays.com\/fr\/wp-json\/wp\/v2\/comments?post=666168"}],"version-history":[{"count":0,"href":"https:\/\/www.europesays.com\/fr\/wp-json\/wp\/v2\/posts\/666168\/revisions"}],"wp:featuredmedia":[{"embeddable":true,"href":"https:\/\/www.europesays.com\/fr\/wp-json\/wp\/v2\/media\/666169"}],"wp:attachment":[{"href":"https:\/\/www.europesays.com\/fr\/wp-json\/wp\/v2\/media?parent=666168"}],"wp:term":[{"taxonomy":"category","embeddable":true,"href":"https:\/\/www.europesays.com\/fr\/wp-json\/wp\/v2\/categories?post=666168"},{"taxonomy":"post_tag","embeddable":true,"href":"https:\/\/www.europesays.com\/fr\/wp-json\/wp\/v2\/tags?post=666168"}],"curies":[{"name":"wp","href":"https:\/\/api.w.org\/{rel}","templated":true}]}}