{"id":666176,"date":"2026-01-15T20:55:15","date_gmt":"2026-01-15T20:55:15","guid":{"rendered":"https:\/\/www.europesays.com\/fr\/666176\/"},"modified":"2026-01-15T20:55:15","modified_gmt":"2026-01-15T20:55:15","slug":"un-regroupement-prevu-par-les-groupes-de-supporters-lors-des-obseques-de-rolland-courbis-samedi","status":"publish","type":"post","link":"https:\/\/www.europesays.com\/fr\/666176\/","title":{"rendered":"un regroupement pr\u00e9vu par les groupes de supporters lors des obs\u00e8ques de Rolland Courbis samedi"},"content":{"rendered":"<p>Ancien <a href=\"https:\/\/www.laprovence.com\/article\/om\/94313085192232\/mort-de-rolland-courbis-avant-detre-entraineur-une-carriere-de-joueur-debutee-chez-les-jeunes-de-lom\" target=\"_blank\" rel=\"noopener\">joueur<\/a> puis <a href=\"https:\/\/www.laprovence.com\/article\/om\/10375809688458\/mort-de-rolland-courbis-retour-sur-le-match-du-siecle-om-montpellier-5-4-marque-de-son-empreinte\" target=\"_blank\" rel=\"noopener\">entra\u00eeneur<\/a> du club, <a href=\"https:\/\/www.laprovence.com\/article\/om\/19824791073161\/mort-de-rolland-courbis-drole-emotif-parfois-roublard-portrait-d-un-personnage-atypique-et-incontournable\" target=\"_blank\" rel=\"noopener\">Courbis<\/a> est un personnage important de l&rsquo;histoire de l&rsquo;OM. \u00ab\u00a0<a href=\"https:\/\/www.laprovence.com\/article\/om\/49644762826305\/mort-de-rolland-courbis-marseille-lancrage-de-ses-solides-amities\" target=\"_blank\" rel=\"noopener\">Un Marseillais<\/a> qui a marqu\u00e9 l&rsquo;histoire du football fran\u00e7ais et de notre ville, lui qui est n\u00e9, qui a v\u00e9cu et a \u00e9t\u00e9 form\u00e9 \u00e0 l&rsquo;Olympique de Marseille, rappellent <a href=\"https:\/\/www.laprovence.com\/article\/sports\/28951575758370\/un-temperament-une-grande-figure-les-candidats-aux-municipales-a-marseille-saluent-la-memoire-de-rolland-courbis\" target=\"_blank\" rel=\"noopener\">les groupes de supporters<\/a> dans un communiqu\u00e9. Apr\u00e8s un passage comme joueur, il est revenu \u00e0 la fin des ann\u00e9es 90 comme entra\u00eeneur. Nous n&rsquo;oublierons jamais ses trois saisons o\u00f9 il a men\u00e9 le club \u00e0 une place de vice-champions de France et une finale europ\u00e9enne perdue contre Parme. Figure majeure du football fran\u00e7ais et repr\u00e9sentant \u00e9ternel de la ville de Marseille, il a toujours pr\u00f4n\u00e9 un football populaire et a m\u00eame \u00e9t\u00e9 un acteur du football amateur de notre ville.\u00a0\u00bb\u00a0<\/p>\n<p>Les fid\u00e8les de l&rsquo;OM appellent donc \u00e0 un \u00ab\u00a0regroupement populaire pour l&rsquo;accompagner jusqu&rsquo;\u00e0 l&rsquo;\u00e9glise des R\u00e9form\u00e9s\u00a0\u00bb. Le rendez-vous est donn\u00e9 au croisement de Belsunce avec la Canebi\u00e8re \u00e0 14h45, afin d&rsquo;accompagner le cercueil jusqu&rsquo;aux R\u00e9form\u00e9s. \u00ab\u00a0Tous les Marseillais sont convi\u00e9s \u00e0 accompagner l&rsquo;un des n\u00f4tres pour lui rendre un dernier hommage et apporter notre soutien \u00e0 la famille\u00a0\u00bb, concluent les supporters olympiens.<\/p>\n","protected":false},"excerpt":{"rendered":"Ancien joueur puis entra\u00eeneur du club, Courbis est un personnage important de l&rsquo;histoire de l&rsquo;OM. \u00ab\u00a0Un Marseillais qui&hellip;\n","protected":false},"author":2,"featured_media":666177,"comment_status":"","ping_status":"","sticky":false,"template":"","format":"standard","meta":{"footnotes":""},"categories":[2814],"tags":[5734,1111,11,1102,1777,674,1011,27,23198,151,884,12,149,5912,9622,882,75177,25,10221],"class_list":{"0":"post-666176","1":"post","2":"type-post","3":"status-publish","4":"format-standard","5":"has-post-thumbnail","7":"category-marseille","8":"tag-5734","9":"tag-actu","10":"tag-actualites","11":"tag-breakingnews","12":"tag-eu","13":"tag-europe","14":"tag-fr","15":"tag-france","16":"tag-groupes","17":"tag-les","18":"tag-marseille","19":"tag-news","20":"tag-om","21":"tag-par","22":"tag-prevu","23":"tag-provence-alpes-cote-dazur","24":"tag-regroupement","25":"tag-republique-francaise","26":"tag-supporters"},"share_on_mastodon":{"url":"https:\/\/pubeurope.com\/@fr\/115901112241484175","error":""},"_links":{"self":[{"href":"https:\/\/www.europesays.com\/fr\/wp-json\/wp\/v2\/posts\/666176","targetHints":{"allow":["GET"]}}],"collection":[{"href":"https:\/\/www.europesays.com\/fr\/wp-json\/wp\/v2\/posts"}],"about":[{"href":"https:\/\/www.europesays.com\/fr\/wp-json\/wp\/v2\/types\/post"}],"author":[{"embeddable":true,"href":"https:\/\/www.europesays.com\/fr\/wp-json\/wp\/v2\/users\/2"}],"replies":[{"embeddable":true,"href":"https:\/\/www.europesays.com\/fr\/wp-json\/wp\/v2\/comments?post=666176"}],"version-history":[{"count":0,"href":"https:\/\/www.europesays.com\/fr\/wp-json\/wp\/v2\/posts\/666176\/revisions"}],"wp:featuredmedia":[{"embeddable":true,"href":"https:\/\/www.europesays.com\/fr\/wp-json\/wp\/v2\/media\/666177"}],"wp:attachment":[{"href":"https:\/\/www.europesays.com\/fr\/wp-json\/wp\/v2\/media?parent=666176"}],"wp:term":[{"taxonomy":"category","embeddable":true,"href":"https:\/\/www.europesays.com\/fr\/wp-json\/wp\/v2\/categories?post=666176"},{"taxonomy":"post_tag","embeddable":true,"href":"https:\/\/www.europesays.com\/fr\/wp-json\/wp\/v2\/tags?post=666176"}],"curies":[{"name":"wp","href":"https:\/\/api.w.org\/{rel}","templated":true}]}}