{"id":666186,"date":"2026-01-15T21:01:16","date_gmt":"2026-01-15T21:01:16","guid":{"rendered":"https:\/\/www.europesays.com\/fr\/666186\/"},"modified":"2026-01-15T21:01:16","modified_gmt":"2026-01-15T21:01:16","slug":"paris-un-homme-meurt-au-commissariat-durant-sa-garde-a-vue-une-enquete-ouverte","status":"publish","type":"post","link":"https:\/\/www.europesays.com\/fr\/666186\/","title":{"rendered":"Paris : un homme meurt au commissariat durant sa garde \u00e0 vue, une enqu\u00eate ouverte"},"content":{"rendered":"<ul class=\"jsx-862013697 ArticleChapo__List\">\n<li class=\"jsx-862013697 ArticleChapo__List_Item flex\">Un homme est mort dans la nuit de mercredi \u00e0 jeudi dans le commissariat du 20e arrondissement.<\/li>\n<li class=\"jsx-862013697 ArticleChapo__List_Item flex\">L&rsquo;individu avait \u00e9t\u00e9 plac\u00e9 en garde \u00e0 vue dans la soir\u00e9e et aurait fait un malaise.<\/li>\n<li class=\"jsx-862013697 ArticleChapo__List_Item flex\">Une enqu\u00eate en \u00ab\u00a0recherche des causes de la mort\u00a0\u00bb a \u00e9t\u00e9 ouverte par le parquet de Paris.<\/li>\n<\/ul>\n<p data-module=\"article-paragraph\" class=\"jsx-157965717 Paragraph\">Que s&rsquo;est-il pass\u00e9 dans la nuit de mercredi 14 \u00e0 jeudi 15 janvier \u00e0 0h20 dans les locaux du commissariat du 20e arrondissement de Paris, situ\u00e9 rue des G\u00e2tines ? C&rsquo;est ce que devront \u00e9tablir les investigations men\u00e9es apr\u00e8s le d\u00e9c\u00e8s d&rsquo;un homme dans ces locaux.<\/p>\n<p data-module=\"article-paragraph\" class=\"jsx-157965717 Paragraph\">Ce dernier, majeur, avait \u00e9t\u00e9 vu \u00e0 22h45 en train de rouler un joint de cannabis par des policiers du quartier. Selon eux, l&rsquo;individu aurait alors refus\u00e9 de se soumettre aux palpations habituelles. Les fonctionnaires auraient donc d\u00e9cid\u00e9 de proc\u00e9der \u00e0 son interpellation.<\/p>\n<p data-module=\"article-paragraph\" class=\"jsx-157965717 Paragraph Paragraph__End\">C&rsquo;est l\u00e0 que l&rsquo;individu aurait chut\u00e9, entra\u00eenant deux policiers avec lui au sol \u00e0 deux reprises, selon les \u00e9l\u00e9ments transmis ce jeudi par le parquet de Paris. Un des policiers aurait alors fait usage de son pistolet \u00e0 impulsion \u00e9lectrique, touchant notamment l&rsquo;individu \u00e0 la cheville. Interpell\u00e9 \u00e0 22h45, le contrevenant a ensuite \u00e9t\u00e9 conduit au commissariat \u00ab\u00a0sans autre incident au cours du transport, selon les forces de l&rsquo;ordre\u00a0\u00bb, informe le parquet.<\/p>\n<p>Le massage cardiaque n&rsquo;a pas permis de le sauver<\/p>\n<p data-module=\"article-paragraph\" class=\"jsx-157965717 Paragraph\">Une fois au commissariat, l&rsquo;individu a \u00e9t\u00e9 soumis \u00e0 un test d&rsquo;alcool\u00e9mie qui s&rsquo;est av\u00e9r\u00e9 n\u00e9gatif. \u00ab\u00a0Des faux documents administratifs\u00a0\u00bb et une \u00ab\u00a0mati\u00e8re brun\u00e2tre s\u2019apparentant \u00e0 du cannabis\u00a0\u00bb ont \u00e9t\u00e9 retrouv\u00e9s dans ses effets personnels.<\/p>\n<p data-module=\"article-paragraph\" class=\"jsx-157965717 Paragraph\">Son placement en garde \u00e0 vue pour \u00ab\u00a0usage de faux documents administratifs\u00a0\u00bb, \u00ab\u00a0acquisition\u00a0\u00bb, \u00ab\u00a0d\u00e9tention\u00a0\u00bb et \u00ab\u00a0usage de produits stup\u00e9fiants\u00a0\u00bb et \u00ab\u00a0r\u00e9bellion\u00a0\u00bb, lui a alors \u00e9t\u00e9 notifi\u00e9, tandis que l&rsquo;officier de police judiciaire requ\u00e9rait son transport \u00e0 l\u2019h\u00f4pital en raison d&rsquo;une plaie qu\u2019il pr\u00e9sentait \u00e0 l\u2019arcade.<\/p>\n<p data-module=\"article-paragraph\" class=\"jsx-157965717 Paragraph Paragraph__End\">Alors qu\u2019il \u00e9tait en attente sur un banc du commissariat, l&rsquo;individu \u00ab\u00a0a \u00e9t\u00e9 vu faire un malaise\u00a0\u00bb, d\u00e9taille le parquet. \u00ab\u00a0Son arr\u00eat cardio-respiratoire a \u00e9t\u00e9 constat\u00e9, et un policier a d\u00e9but\u00e9 un massage cardiaque, poursuivi par les pompiers \u00e0 leur arriv\u00e9e \u00e0 23h45\u00a0\u00bb, ajoute-t-il. Les tentatives de r\u00e9animation ont \u00e9t\u00e9 vaines.<\/p>\n<p><a href=\"https:\/\/www.tf1info.fr\/justice-faits-divers\/mort-de-cindy-morvan-figure-du-cyclisme-son-compagnon-mis-en-examen-pour-complicite-d-assassinat-2418821.html\" rel=\"noopener\" class=\"jsx-3308031228 Link flex\" target=\"_blank\"><img decoding=\"async\" src=\"https:\/\/www.europesays.com\/fr\/wp-content\/uploads\/2026\/01\/cindy-morvan-d00d49-0@1x.jpeg\" alt=\"Cindy Morvan, tu\u00e9e le 31 octobre \u00e0 Calais par la compagne de son ex-conjoint\" loading=\"lazy\" importance=\"low\" fetchpriority=\"low\" class=\"\" aria-hidden=\"true\"\/><\/p>\n<p class=\"jsx-3657663356 ReadMoreArticle__Title\">Lire aussi<\/p>\n<p class=\"jsx-3657663356\">Mort de Cindy Morvan, figure du cyclisme : son compagnon mis en examen pour \u00ab\u00a0complicit\u00e9 d&rsquo;assassinat\u00a0\u00bb<\/p>\n<p><\/a><\/p>\n<p data-module=\"article-paragraph\" class=\"jsx-157965717 Paragraph Paragraph__End\">Le magistrat du parquet, avis\u00e9, s\u2019est rendu sur place, juste apr\u00e8s que le d\u00e9c\u00e8s a \u00e9t\u00e9 constat\u00e9, ainsi que l\u2019IGPN, police des polices, en observation. \u00ab\u00a0En l\u2019\u00e9tat des \u00e9l\u00e9ments connus, une enqu\u00eate en &lsquo;recherche des causes de la mort&rsquo; a \u00e9t\u00e9 confi\u00e9e au commissariat du centre\u00a0\u00bb, indique le parquet.\u00a0<\/p>\n<p>Aur\u00e9lie SARROT<\/p>\n","protected":false},"excerpt":{"rendered":"Un homme est mort dans la nuit de mercredi \u00e0 jeudi dans le commissariat du 20e arrondissement. L&rsquo;individu&hellip;\n","protected":false},"author":2,"featured_media":666187,"comment_status":"","ping_status":"","sticky":false,"template":"","format":"standard","meta":{"footnotes":""},"categories":[1888],"tags":[1111,1928,11,1927,1921,1777,674,6017,1011,27,1922,303,2954,12,1926,626,1925,1072,25,133,2953],"class_list":{"0":"post-666186","1":"post","2":"type-post","3":"status-publish","4":"format-standard","5":"has-post-thumbnail","7":"category-paris","8":"tag-actu","9":"tag-actu-paris","10":"tag-actualites","11":"tag-actualites-paris","12":"tag-article-video","13":"tag-eu","14":"tag-europe","15":"tag-fait-divers","16":"tag-fr","17":"tag-france","18":"tag-info","19":"tag-justice","20":"tag-justice-et-faits-divers","21":"tag-news","22":"tag-news-paris","23":"tag-paris","24":"tag-paris-news","25":"tag-police","26":"tag-republique-francaise","27":"tag-video","28":"tag-video-police"},"share_on_mastodon":{"url":"https:\/\/pubeurope.com\/@fr\/115901136152361546","error":""},"_links":{"self":[{"href":"https:\/\/www.europesays.com\/fr\/wp-json\/wp\/v2\/posts\/666186","targetHints":{"allow":["GET"]}}],"collection":[{"href":"https:\/\/www.europesays.com\/fr\/wp-json\/wp\/v2\/posts"}],"about":[{"href":"https:\/\/www.europesays.com\/fr\/wp-json\/wp\/v2\/types\/post"}],"author":[{"embeddable":true,"href":"https:\/\/www.europesays.com\/fr\/wp-json\/wp\/v2\/users\/2"}],"replies":[{"embeddable":true,"href":"https:\/\/www.europesays.com\/fr\/wp-json\/wp\/v2\/comments?post=666186"}],"version-history":[{"count":0,"href":"https:\/\/www.europesays.com\/fr\/wp-json\/wp\/v2\/posts\/666186\/revisions"}],"wp:featuredmedia":[{"embeddable":true,"href":"https:\/\/www.europesays.com\/fr\/wp-json\/wp\/v2\/media\/666187"}],"wp:attachment":[{"href":"https:\/\/www.europesays.com\/fr\/wp-json\/wp\/v2\/media?parent=666186"}],"wp:term":[{"taxonomy":"category","embeddable":true,"href":"https:\/\/www.europesays.com\/fr\/wp-json\/wp\/v2\/categories?post=666186"},{"taxonomy":"post_tag","embeddable":true,"href":"https:\/\/www.europesays.com\/fr\/wp-json\/wp\/v2\/tags?post=666186"}],"curies":[{"name":"wp","href":"https:\/\/api.w.org\/{rel}","templated":true}]}}