{"id":666200,"date":"2026-01-15T21:08:17","date_gmt":"2026-01-15T21:08:17","guid":{"rendered":"https:\/\/www.europesays.com\/fr\/666200\/"},"modified":"2026-01-15T21:08:17","modified_gmt":"2026-01-15T21:08:17","slug":"lallemagne-obtient-le-feu-vert-pour-construire-des-centrales-au-gaz-modernes","status":"publish","type":"post","link":"https:\/\/www.europesays.com\/fr\/666200\/","title":{"rendered":"L\u2019Allemagne obtient le feu vert pour construire des centrales au gaz modernes"},"content":{"rendered":"<p>Publi\u00e915. janvier 2026, 21:01<\/p>\n<p>UE: L\u2019Allemagne a le feu vert pour construire des centrales au gaz<\/p>\n<p>Berlin a obtenu l\u2019accord de principe de la Commission europ\u00e9enne pour pouvoir construire ces \u00e9quipements sans d\u00e9roger aux r\u00e8gles europ\u00e9ennes.<\/p>\n<p><img loading=\"lazy\" decoding=\"async\" src=\"https:\/\/www.europesays.com\/fr\/wp-content\/uploads\/2026\/01\/ce346d78-e899-4432-8c6e-a6bc36716ce3.avif.jpeg\" alt=\"L'Allemagne veut \u00abgarantir un approvisionnement \u00e9nerg\u00e9tique fiable et abordable\u00bb pour le secteur manufacturier.\" title=\"L'Allemagne veut \u00abgarantir un approvisionnement \u00e9nerg\u00e9tique fiable et abordable\u00bb pour le secteur manufacturier.\"  width=\"1024\" height=\"683\"\/><\/p>\n<p>L&rsquo;Allemagne veut \u00abgarantir un approvisionnement \u00e9nerg\u00e9tique fiable et abordable\u00bb pour le secteur manufacturier.<\/p>\n<p>AFP<\/p>\n<p>L\u2019Allemagne a annonc\u00e9 jeudi avoir obtenu l\u2019accord de principe de la Commission europ\u00e9enne pour pouvoir construire de nouvelles centrales \u00e9lectriques au gaz sans d\u00e9roger aux r\u00e8gles europ\u00e9ennes ni \u00e0 ses objectifs de neutralit\u00e9 climatique \u00e0 l\u2019horizon 2045. Garantir un approvisionnement \u00e9nerg\u00e9tique fiable et abordable pour le secteur manufacturier de la premi\u00e8re \u00e9conomie europ\u00e9enne, confront\u00e9e \u00e0 une profonde crise industrielle, est une promesse phare de la coalition du chancelier Friedrich Merz.<\/p>\n<p>Berlin est parvenu \u00ab\u00e0 un accord de principe avec la Commission europ\u00e9enne sur des \u00e9l\u00e9ments cl\u00e9s\u00bb de sa \u00abstrat\u00e9gie relative aux centrales \u00e9lectriques\u00bb visant \u00e0 \u00abs\u00e9curiser l\u2019approvisionnement en \u00e9lectricit\u00e9 en Allemagne, conform\u00e9ment aux prescriptions europ\u00e9ennes\u00bb, indique le minist\u00e8re de l\u2019Economie et de l\u2019Energie dans un communiqu\u00e9. Des appels d\u2019offres vont \u00eatre lanc\u00e9s d\u00e8s 2026 pour pouvoir produire 12 gigawatts suppl\u00e9mentaires, dont 10 avec un \u00abcrit\u00e8re de long terme\u00bb qui autorisera la construction de \u00abcentrales \u00e0 gaz modernes et tr\u00e8s efficaces\u00bb, pr\u00e9cise la m\u00eame source.<\/p>\n<blockquote class=\"Quote_quote__uexDU Quote_siteAreaNews__9_7Qz\">\n<p class=\"Quote_quoteText__6G6oY\">\u00abUne mauvaise nouvelle pour les consommateurs d\u2019\u00e9lectricit\u00e9 et pour les objectifs climatiques\u00bb<\/p>\n<\/blockquote>\n<p>Objectif: disposer d\u2019une source d\u2019\u00e9nergie de secours en cas de p\u00e9nurie d\u2019\u00e9nergies renouvelables, en l\u2019absence de soleil et de vent, un probl\u00e8me de plus en plus important avec l\u2019augmentation de ces derniers dans le mix \u00e9nerg\u00e9tique allemand. Les nouveaux \u00e9quipements, qui doivent entrer en service \u00abau plus tard\u00bb en 2031, \u00abseront compatibles avec l\u2019hydrog\u00e8ne et seront enti\u00e8rement d\u00e9carbon\u00e9s au plus tard en 2045\u00bb par des conversions par paliers, assure le minist\u00e8re.<\/p>\n<p>L\u2019ONG environnementale Deutsche Umwelthilfe (DUH) a d\u00e9nonc\u00e9 dans un communiqu\u00e9 une \u00abmauvaise nouvelle pour les consommateurs d\u2019\u00e9lectricit\u00e9 et pour les objectifs climatiques\u00bb, en raison des \u00abco\u00fbts et des \u00e9missions de CO2 inutiles\u00bb que les nouvelles constructions vont engendrer. Moins polluant que le charbon, le gaz naturel peut combler les trous jusqu\u2019\u00e0 ce que les \u00e9nergies renouvelables soient suffisamment d\u00e9velopp\u00e9es, assurent ses partisans.<\/p>\n<p>(afp\/ol)<\/p>\n","protected":false},"excerpt":{"rendered":"Publi\u00e915. janvier 2026, 21:01 UE: L\u2019Allemagne a le feu vert pour construire des centrales au gaz Berlin a&hellip;\n","protected":false},"author":2,"featured_media":666201,"comment_status":"","ping_status":"","sticky":false,"template":"","format":"standard","meta":{"footnotes":""},"categories":[1587],"tags":[11,672,1804,1805,1803,1777,674,1801,12,1802],"class_list":{"0":"post-666200","1":"post","2":"type-post","3":"status-publish","4":"format-standard","5":"has-post-thumbnail","7":"category-allemagne","8":"tag-actualites","9":"tag-allemagne","10":"tag-bundesrepublik-deutschland","11":"tag-de","12":"tag-deutschland","13":"tag-eu","14":"tag-europe","15":"tag-germany","16":"tag-news","17":"tag-republique-federale-dallemagne"},"share_on_mastodon":{"url":"https:\/\/pubeurope.com\/@fr\/115901163481042794","error":""},"_links":{"self":[{"href":"https:\/\/www.europesays.com\/fr\/wp-json\/wp\/v2\/posts\/666200","targetHints":{"allow":["GET"]}}],"collection":[{"href":"https:\/\/www.europesays.com\/fr\/wp-json\/wp\/v2\/posts"}],"about":[{"href":"https:\/\/www.europesays.com\/fr\/wp-json\/wp\/v2\/types\/post"}],"author":[{"embeddable":true,"href":"https:\/\/www.europesays.com\/fr\/wp-json\/wp\/v2\/users\/2"}],"replies":[{"embeddable":true,"href":"https:\/\/www.europesays.com\/fr\/wp-json\/wp\/v2\/comments?post=666200"}],"version-history":[{"count":0,"href":"https:\/\/www.europesays.com\/fr\/wp-json\/wp\/v2\/posts\/666200\/revisions"}],"wp:featuredmedia":[{"embeddable":true,"href":"https:\/\/www.europesays.com\/fr\/wp-json\/wp\/v2\/media\/666201"}],"wp:attachment":[{"href":"https:\/\/www.europesays.com\/fr\/wp-json\/wp\/v2\/media?parent=666200"}],"wp:term":[{"taxonomy":"category","embeddable":true,"href":"https:\/\/www.europesays.com\/fr\/wp-json\/wp\/v2\/categories?post=666200"},{"taxonomy":"post_tag","embeddable":true,"href":"https:\/\/www.europesays.com\/fr\/wp-json\/wp\/v2\/tags?post=666200"}],"curies":[{"name":"wp","href":"https:\/\/api.w.org\/{rel}","templated":true}]}}