{"id":666214,"date":"2026-01-15T21:17:13","date_gmt":"2026-01-15T21:17:13","guid":{"rendered":"https:\/\/www.europesays.com\/fr\/666214\/"},"modified":"2026-01-15T21:17:13","modified_gmt":"2026-01-15T21:17:13","slug":"tomas-machac-tommy-paul-atp-250-adelaide-demi-finales-vendredi-16-janvier-2026-lequipe","status":"publish","type":"post","link":"https:\/\/www.europesays.com\/fr\/666214\/","title":{"rendered":"Tomas Machac &#8211; Tommy Paul, ATP 250, Adela\u00efde, Demi-finales, Vendredi 16 janvier 2026 &#8211; L&#039;\u00c9quipe"},"content":{"rendered":"<ol>\n<li><a href=\"https:\/\/news.google.com\/rss\/articles\/CBMiwAFBVV95cUxQZlZ3OVc0aEhKeXZBNzlZRndId01CbVlGdTZYbjRaSlBKcktGQTI1WEVOVk1lYWdnTjQycUJHemkwWW9sSUp1QW1OamhsLXdlNXFpWlpxa1FfdkpzQ0pOY1RYLWVsTmRLQnJwZEMtelhDTWo0QmFpbWlUcHp6Vi1NbUVZN2xWcC1oRkdXMDhtQWtxQUlYbVFqM2l5dDN3OGxkNjdFVWRsT2xGZW5QXzY2OEU2SHF5Q09ZRXdxVmNnU1k?oc=5\" target=\"_blank\" rel=\"noopener\">Tomas Machac &#8211; Tommy Paul, ATP 250, Adela\u00efde, Demi-finales, Vendredi 16 janvier 2026<\/a>&nbsp;&nbsp;L&rsquo;\u00c9quipe<\/li>\n<li><a href=\"https:\/\/news.google.com\/rss\/articles\/CBMixgFBVV95cUxNTW10SEhFeDdVTVR1ZTZFNW5jZFN0dklUQU00WV9zaVAycnNqV01pMnY1eHd1b09MYl93MjV4UHdHWm44bTZqSG15bkNsUHA3SWQyNzJWUklLZi1fNm1yZXFwTTFyTEpoY094eGJrVFRlbDFCa1pZYXJabGZaLWZFY1p0VkFkMldDY1l2dGYySllfOVExcHJ1SUw0dFlsMGZ0RUNWQk8wT0RDT19uUk5EMDA3NlhUNWdMQ3V1ajc3T3EyTXdwcXc?oc=5\" target=\"_blank\" rel=\"noopener\">Aleksandar Vukic &#8211; Tommy Paul, ATP 250, Adela\u00efde, Quarts de finale, Jeudi 15 janvier 2026<\/a>&nbsp;&nbsp;L&rsquo;\u00c9quipe<\/li>\n<li><a href=\"https:\/\/news.google.com\/rss\/articles\/CBMifEFVX3lxTE8ycGV2bkdVdVJfeDJYX0xLY2FwREhFdFByTy1Ub0Y3OW44XzVXWXVfVS1sazVXNHFwMzVYTEFHVFBoZ3JQa1pTZEpiWjY0Z0FEZ3cxT3JpZnNURVJjWEtETWJ3ak9VWFNHbXQzeTlmMXNjTmZTZUhJc0JfbzQ?oc=5\" target=\"_blank\" rel=\"noopener\">Pronostic Tomas Machac &#8211; Jaume Munar, ATP Adelaide<\/a>&nbsp;&nbsp;SportyTrader<\/li>\n<li><a href=\"https:\/\/news.google.com\/rss\/articles\/CBMisgFBVV95cUxQNnBrSEVUclpWcnB5RG5TbVNLTWZSaVBzNV9zMi1rS2RkYm51Q2dMcG5pcGkwZS0yUGctSHJiZ2xDcTBtZWl6NkVOTXllY2NoVzA5a19hd2pMcGhQRGlsWHFPbXlaTnczWEl1MnNjWW9ZRU1teTNfMkFtR0g2Ni1ORS1lZHpyRi1aNnpJSDlCbE41UDhYbW1ERjVhQm43bkR3SGZuZGloS28xRGp1ZVJIM21B0gGyAUFVX3lxTE0wX2EzZHhBLXdlMHBxSXlCNHdpOTJwSlU0T3JJdWxfb3FhWk95LXg0c3V0ek8tcHVGV0FVc25SZEJMZG5VZW9Ga2lMd2xITkdZM2IxOWFBZEl6Y0VqN1NGVUYtSEQ5X0xHVTR4T0Z1OUw5cFFGcnJMdXFKMzZQdF83VVd5a1hZVlBNblBEbHpEaUlWYzFXMk11ZFhhRDk2TjRLQ01rTExlYlNNdkRHUmZmMkE?oc=5\" target=\"_blank\" rel=\"noopener\">Diffusion TV: Le programme du mercredi 14 janvier avec trois Fran\u00e7ais<\/a>&nbsp;&nbsp;Tennis Actu.<\/li>\n<li><a href=\"https:\/\/news.google.com\/rss\/articles\/CBMinwFBVV95cUxQdFRTby1WSW9nSWExMExqR3RqWHNHVlB2bkc2aXJzbUdjQWJldlRKb3U0c1ZhZ1JDdlh6cG1WUEh1T19TX2YwYUlQRzVfR3g0NEV0Z3dkNjB4djJJa2xTblFGcW5KQ09leVNOODZJVjJyblJxYTFHZGZnQjEwcU9YUVRLa1ZTYmpBM3AtTlh5M2VfQUU4MDVtZmJhYjdiWnM?oc=5\" target=\"_blank\" rel=\"noopener\">Munar termine son aventure \u00e0 Ad\u00e9la\u00efde en tombant face \u00e0 Machac<\/a>&nbsp;&nbsp;Punto de Break<\/li>\n<\/ol>\n","protected":false},"excerpt":{"rendered":"Tomas Machac &#8211; Tommy Paul, ATP 250, Adela\u00efde, Demi-finales, Vendredi 16 janvier 2026&nbsp;&nbsp;L&rsquo;\u00c9quipe Aleksandar Vukic &#8211; Tommy Paul,&hellip;\n","protected":false},"author":2,"featured_media":72028,"comment_status":"","ping_status":"","sticky":false,"template":"","format":"standard","meta":{"footnotes":""},"categories":[1415],"tags":[65287,1011,27,73268,60,1467,76658],"class_list":{"0":"post-666214","1":"post","2":"type-post","3":"status-publish","4":"format-standard","5":"has-post-thumbnail","7":"category-tennis","8":"tag-adelaide","9":"tag-fr","10":"tag-france","11":"tag-null","12":"tag-sports","13":"tag-tennis","14":"tag-tomas-machac-tommy-paul-en-direct"},"share_on_mastodon":{"url":"https:\/\/pubeurope.com\/@fr\/115901198676963578","error":""},"_links":{"self":[{"href":"https:\/\/www.europesays.com\/fr\/wp-json\/wp\/v2\/posts\/666214","targetHints":{"allow":["GET"]}}],"collection":[{"href":"https:\/\/www.europesays.com\/fr\/wp-json\/wp\/v2\/posts"}],"about":[{"href":"https:\/\/www.europesays.com\/fr\/wp-json\/wp\/v2\/types\/post"}],"author":[{"embeddable":true,"href":"https:\/\/www.europesays.com\/fr\/wp-json\/wp\/v2\/users\/2"}],"replies":[{"embeddable":true,"href":"https:\/\/www.europesays.com\/fr\/wp-json\/wp\/v2\/comments?post=666214"}],"version-history":[{"count":0,"href":"https:\/\/www.europesays.com\/fr\/wp-json\/wp\/v2\/posts\/666214\/revisions"}],"wp:featuredmedia":[{"embeddable":true,"href":"https:\/\/www.europesays.com\/fr\/wp-json\/wp\/v2\/media\/72028"}],"wp:attachment":[{"href":"https:\/\/www.europesays.com\/fr\/wp-json\/wp\/v2\/media?parent=666214"}],"wp:term":[{"taxonomy":"category","embeddable":true,"href":"https:\/\/www.europesays.com\/fr\/wp-json\/wp\/v2\/categories?post=666214"},{"taxonomy":"post_tag","embeddable":true,"href":"https:\/\/www.europesays.com\/fr\/wp-json\/wp\/v2\/tags?post=666214"}],"curies":[{"name":"wp","href":"https:\/\/api.w.org\/{rel}","templated":true}]}}