{"id":666215,"date":"2026-01-15T21:21:10","date_gmt":"2026-01-15T21:21:10","guid":{"rendered":"https:\/\/www.europesays.com\/fr\/666215\/"},"modified":"2026-01-15T21:21:10","modified_gmt":"2026-01-15T21:21:10","slug":"tristan-verrier-reussit-son-meilleur-championnat-de-france-actualite","status":"publish","type":"post","link":"https:\/\/www.europesays.com\/fr\/666215\/","title":{"rendered":"Tristan Verrier r\u00e9ussit son meilleur Championnat de France &#8211; Actualit\u00e9"},"content":{"rendered":"<p>Dans sa combinaison noire du Team Gu\u00e9vel Roadborn, <strong><a href=\"https:\/\/www.directvelo.com\/coureur\/37500\/tristan-verrier\" target=\"_blank\" rel=\"noopener\">Tristan Verrier<\/a><\/strong> est parti plein p\u00e9trole, dimanche apr\u00e8s-midi, dans le Championnat de France de cyclo-cross. \u00ab\u00a0J&rsquo;ai bien pass\u00e9 le premier d\u00e9vers\u00a0\u00bb. Le 3e de la Coupe de France \u00e0 Ouistreham se retrouve en t\u00eate <a href=\"https:\/\/www.directvelo.com\/actualite\/126422\/clement-philippon-on-na-jamais-vecu-ca\" target=\"_blank\" rel=\"noopener\"><strong>sur le circuit de Troyes blind\u00e9 de monde<\/strong><\/a>. Mais Joris Delbove reprend les commandes et lui impose son rythme. \u00ab\u00a0Joris (Delbove) m\u2019a mis un peu \u00e0 fond physiquement. J\u2019\u00e9tais un peu limite. J\u2019ai bien tenu jusque vers la mi-course, je reste dans le match longtemps, c\u2019est vraiment super, mais je me suis mis un peu trop \u00e0 fond\u00a0\u00bb, raconte-t-il \u00e0 DirectVelo.<\/p>\n<p>Le c\u0153ur \u00e0 fond, la t\u00eate commence \u00e0 \u00eatre moins lucide. \u00ab\u00a0J\u2019ai fait quelques erreurs et je suis tomb\u00e9. J\u2019ai pris le temps de souffler pour repartir sur une bonne dynamique, reprend-il. Je finis fort\u00a0\u00bb, <a href=\"https:\/\/www.directvelo.com\/epreuve\/49052\/championnat-de-france-de-cyclo-cross-elite-hommes-2026\" target=\"_blank\" rel=\"noopener\"><strong>pour finir aux portes du Top 5<\/strong><\/a>. C&rsquo;est sur la technique, son point fort, que le coureur de 22 ans misait pour passer les planches \u00e0 v\u00e9lo. \u00ab\u00a0Je savais que je pouvais jouer sur ma technique. Avec un parcours encore plus glissant, je pense que j\u2019aurais pu tirer encore plus mon \u00e9pingle du jeu\u00a0\u00bb.<\/p>\n<p>Pour son premier Championnat Elite, Tristan Verrier ne peut tirer qu&rsquo;un bon bilan. \u00ab\u00a0Lors de toutes mes ann\u00e9es chez les jeunes, j\u2019avais du mal \u00e0 faire de bons Championnats de France. L\u2019an pass\u00e9, j\u2019ai eu un probl\u00e8me m\u00e9canique alors que je pouvais faire quelque chose (8e, NDLR). L\u00e0, \u00e7a s\u2019est bien pass\u00e9 au milieu des costauds\u00a0\u00bb. Il va retrouver le niveau r\u00e9gional dimanche prochain pour la finale de la Coupe R\u00e9gionale des Pays de la Loire \u00e0 Ancenis-Saint-G\u00e9r\u00e9on, avant d&rsquo;esp\u00e9rer retrouver le niveau mondial. \u00ab\u00a0J&rsquo;ai postul\u00e9 pour les manches de Coupe du Monde de Maasmechelen et Hoogerheide et j\u2019irai aussi en Belgique d\u00e9but f\u00e9vrier\u00a0\u00bb. Sa saison dans les sous-bois est loin d&rsquo;\u00eatre termin\u00e9e.<\/p>\n","protected":false},"excerpt":{"rendered":"Dans sa combinaison noire du Team Gu\u00e9vel Roadborn, Tristan Verrier est parti plein p\u00e9trole, dimanche apr\u00e8s-midi, dans le&hellip;\n","protected":false},"author":2,"featured_media":666216,"comment_status":"","ping_status":"","sticky":false,"template":"","format":"standard","meta":{"footnotes":""},"categories":[1411],"tags":[834,828,836,829,837,827,83,826,824,823,1154,207,814,817,815,816,822,821,832,211,839,1011,27,820,818,819,835,831,830,833,838,60,212,208,825],"class_list":{"0":"post-666215","1":"post","2":"type-post","3":"status-publish","4":"format-standard","5":"has-post-thumbnail","7":"category-cyclisme","8":"tag-attaque","9":"tag-belgique","10":"tag-braquet","11":"tag-bretagne","12":"tag-chute","13":"tag-competition","14":"tag-coupe-de-france","15":"tag-coureur","16":"tag-course-cyclisme","17":"tag-course-cycliste","18":"tag-cycling","19":"tag-cyclisme","20":"tag-direct","21":"tag-direct-velo","22":"tag-directvelo","23":"tag-directvelo-com","24":"tag-epreuve","25":"tag-epreuve-cycliste","26":"tag-federation-francaise-de-cyclisme","27":"tag-ffc","28":"tag-flandres","29":"tag-fr","30":"tag-france","31":"tag-live","32":"tag-live-course","33":"tag-live-epreuve","34":"tag-peloton","35":"tag-radio-peloton","36":"tag-radio-tour","37":"tag-ravitaillement","38":"tag-relance","39":"tag-sports","40":"tag-uci","41":"tag-velo","42":"tag-velos"},"share_on_mastodon":{"url":"https:\/\/pubeurope.com\/@fr\/115901214508307862","error":""},"_links":{"self":[{"href":"https:\/\/www.europesays.com\/fr\/wp-json\/wp\/v2\/posts\/666215","targetHints":{"allow":["GET"]}}],"collection":[{"href":"https:\/\/www.europesays.com\/fr\/wp-json\/wp\/v2\/posts"}],"about":[{"href":"https:\/\/www.europesays.com\/fr\/wp-json\/wp\/v2\/types\/post"}],"author":[{"embeddable":true,"href":"https:\/\/www.europesays.com\/fr\/wp-json\/wp\/v2\/users\/2"}],"replies":[{"embeddable":true,"href":"https:\/\/www.europesays.com\/fr\/wp-json\/wp\/v2\/comments?post=666215"}],"version-history":[{"count":0,"href":"https:\/\/www.europesays.com\/fr\/wp-json\/wp\/v2\/posts\/666215\/revisions"}],"wp:featuredmedia":[{"embeddable":true,"href":"https:\/\/www.europesays.com\/fr\/wp-json\/wp\/v2\/media\/666216"}],"wp:attachment":[{"href":"https:\/\/www.europesays.com\/fr\/wp-json\/wp\/v2\/media?parent=666215"}],"wp:term":[{"taxonomy":"category","embeddable":true,"href":"https:\/\/www.europesays.com\/fr\/wp-json\/wp\/v2\/categories?post=666215"},{"taxonomy":"post_tag","embeddable":true,"href":"https:\/\/www.europesays.com\/fr\/wp-json\/wp\/v2\/tags?post=666215"}],"curies":[{"name":"wp","href":"https:\/\/api.w.org\/{rel}","templated":true}]}}