{"id":666251,"date":"2026-01-15T21:42:11","date_gmt":"2026-01-15T21:42:11","guid":{"rendered":"https:\/\/www.europesays.com\/fr\/666251\/"},"modified":"2026-01-15T21:42:11","modified_gmt":"2026-01-15T21:42:11","slug":"la-rencontre-quimper-hyeres-toulon-promet-un-beau-duel-entre-les-meneurs-terrell-gomez-et-john-roberson","status":"publish","type":"post","link":"https:\/\/www.europesays.com\/fr\/666251\/","title":{"rendered":"La rencontre Quimper &#8211; Hy\u00e8res-Toulon promet un beau duel entre les meneurs Terrell Gomez et John Roberson"},"content":{"rendered":"<p>\u00c9lite 2 (19e journ\u00e9e). Quimper &#8211; Hy\u00e8res-Toulon, ce vendredi (20 h)<\/p>\n<p>Meilleur marqueur d\u2019\u00c9lite 2 (17,7 points par match) et joueur le plus adroit \u00e0 trois points de la division (47,6 % \u00e0 40 tirs sur 84), John Roberson joue les terreurs depuis son arriv\u00e9e sous le maillot d\u2019Hy\u00e8res-Toulon mi-octobre.<\/p>\n<p>Qu\u2019est en fait venu faire ce meneur am\u00e9ricain de 37 ans en deuxi\u00e8me division fran\u00e7aise, lui qui sortait, certes bless\u00e9, d\u2019un Euro 2025 r\u00e9ussi avec la Bosnie, pays dont il a pris la nationalit\u00e9 ?<\/p>\n<p>\u00ab Il n\u2019est pas tout seul \u00e0 Hy\u00e8res-Toulon. Il y a plein d\u2019autres bons joueurs, dont un sort du lot \u00e0 chaque journ\u00e9e, remarque l\u2019entra\u00eeneur des B\u00e9liers de Kemper Thibault Wolicki. Mais r\u00e9ussir \u00e0 le stopper est une gageure. \u00bb<\/p>\n<p>Plus jeune (28 ans), plus petit (1,73 m contre 1,80 m) et avec un CV moins impressionnant, le meneur am\u00e9ricain des B\u00e9liers Terrell Gomez sera, ce vendredi, sur le chemin de John Roberson pour un duel qui promet d\u2019\u00eatre un match dans le match entre deux gros tireurs \u00e0 trois points.<\/p>\n<p>Et si John Roberson n\u2019a pour l\u2019instant pas d\u2019\u00e9quivalent derri\u00e8re l\u2019arc, Terrell Gomez est pratiquement dans ses standards habituels (40,4 %) lui qui tournait depuis ses d\u00e9buts universitaires \u00e0 43,3 %.<\/p>\n<p>\u00ab En milieu de saison, je suis souvent plus haut que \u00e7a. Mais en d\u00e9but de saison, j\u2019ai \u00e9t\u00e9 inconstant et le coach a fait des ajustements pour que je prenne plus de tirs. \u00bb<\/p>\n<p>Quant \u00e0 son duel \u00e0 venir avec John Roberson, qu\u2019il ne conna\u00eet pas, Terrell Gomez ne s\u2019en fait pas une montagne. \u00ab Je ne me dis pas que je dois faire un gros match contre lui parce qu\u2019il peut nous causer des probl\u00e8mes. Je regarde tous mes adversaires de la m\u00eame mani\u00e8re et je vais jouer comme je sais jouer. \u00bb<\/p>\n<p class=\"titre-tech\">Les \u00e9quipes<\/p>\n<p class=\"tech\"><strong class=\"tech\">QUIMPER. <\/strong>Meneurs-arri\u00e8res : 1. Terrell Gomez (1,73 m, E-U\/TRI), 3. Antoine Dudit (1,86 m), 5. Yohan Renou (1,85 m), 19. Christopher Dauby (1,93 m). Ailiers : 8. Damien Bouquet (1,95 m), 21. Jamar Abrams (2,01 m, E-U), 30. Noah Burrell (1,94 m, SUI). Int\u00e9rieurs : 2. Noah Limol (2,01 m), 6. Junior M\u2019bida (2,06 m, CAM), 10. Will Butler (2,02 m, E-U\/JAM), 15. Lucas Th\u00e9venard (2,03 m), 34. Joel Awich (2,01 m, KEN). Entra\u00eeneur : Thibault Wolicki.<\/p>\n<p class=\"tech\"><strong class=\"tech\">HYERES-TOULON. <\/strong>Meneurs : 9. Bensley Joseph (1,85 m, E-U\/HAI), 21 John Roberson (1,80 m, E-U\/BOS), 25. Mathis Keita (1,92 m). Ailiers : 3. Nikola Knezevic (2 m, FRA-SER), 19. Elwin Ndjock (2 m). Int\u00e9rieurs : 1. Cgudier Bile (2 m, E-U-SOU), 2. Victor Diallo (2,01 m), 10. Florian Pouaveyoun (2,03 m), 13. Moses Greenwood (2 m, E-U). Entra\u00eeneur : St\u00e9phane Dumas.<\/p>\n","protected":false},"excerpt":{"rendered":"\u00c9lite 2 (19e journ\u00e9e). Quimper &#8211; Hy\u00e8res-Toulon, ce vendredi (20 h) Meilleur marqueur d\u2019\u00c9lite 2 (17,7 points par&hellip;\n","protected":false},"author":2,"featured_media":666252,"comment_status":"","ping_status":"","sticky":false,"template":"","format":"standard","meta":{"footnotes":""},"categories":[9619],"tags":[1111,11,1465,26419,7944,1777,674,1011,27,12,882,3319,25,60,2310],"class_list":{"0":"post-666251","1":"post","2":"type-post","3":"status-publish","4":"format-standard","5":"has-post-thumbnail","7":"category-toulon","8":"tag-actu","9":"tag-actualites","10":"tag-basket","11":"tag-beliers-de-kemper","12":"tag-elite-2","13":"tag-eu","14":"tag-europe","15":"tag-fr","16":"tag-france","17":"tag-news","18":"tag-provence-alpes-cote-dazur","19":"tag-quimper","20":"tag-republique-francaise","21":"tag-sports","22":"tag-toulon"},"share_on_mastodon":{"url":"https:\/\/pubeurope.com\/@fr\/115901297097836187","error":""},"_links":{"self":[{"href":"https:\/\/www.europesays.com\/fr\/wp-json\/wp\/v2\/posts\/666251","targetHints":{"allow":["GET"]}}],"collection":[{"href":"https:\/\/www.europesays.com\/fr\/wp-json\/wp\/v2\/posts"}],"about":[{"href":"https:\/\/www.europesays.com\/fr\/wp-json\/wp\/v2\/types\/post"}],"author":[{"embeddable":true,"href":"https:\/\/www.europesays.com\/fr\/wp-json\/wp\/v2\/users\/2"}],"replies":[{"embeddable":true,"href":"https:\/\/www.europesays.com\/fr\/wp-json\/wp\/v2\/comments?post=666251"}],"version-history":[{"count":0,"href":"https:\/\/www.europesays.com\/fr\/wp-json\/wp\/v2\/posts\/666251\/revisions"}],"wp:featuredmedia":[{"embeddable":true,"href":"https:\/\/www.europesays.com\/fr\/wp-json\/wp\/v2\/media\/666252"}],"wp:attachment":[{"href":"https:\/\/www.europesays.com\/fr\/wp-json\/wp\/v2\/media?parent=666251"}],"wp:term":[{"taxonomy":"category","embeddable":true,"href":"https:\/\/www.europesays.com\/fr\/wp-json\/wp\/v2\/categories?post=666251"},{"taxonomy":"post_tag","embeddable":true,"href":"https:\/\/www.europesays.com\/fr\/wp-json\/wp\/v2\/tags?post=666251"}],"curies":[{"name":"wp","href":"https:\/\/api.w.org\/{rel}","templated":true}]}}