{"id":666253,"date":"2026-01-15T21:43:09","date_gmt":"2026-01-15T21:43:09","guid":{"rendered":"https:\/\/www.europesays.com\/fr\/666253\/"},"modified":"2026-01-15T21:43:09","modified_gmt":"2026-01-15T21:43:09","slug":"on-lui-annonce-quil-retourne-en-prison-il-sevade-du-centre-de-semi-liberte","status":"publish","type":"post","link":"https:\/\/www.europesays.com\/fr\/666253\/","title":{"rendered":"on lui annonce qu&rsquo;il retourne en prison, il s&rsquo;\u00e9vade du centre de semi-libert\u00e9"},"content":{"rendered":"<p>                    Par<br \/>\n        <strong><br \/>\n            <a href=\"https:\/\/actu.fr\/auteur\/jm-aubert\" title=\"Consulter tous les articles de Jean-Marc Aubert\" target=\"_blank\" rel=\"noopener\">Jean-Marc Aubert<\/a><br \/>\n                    <\/strong><\/p>\n<p>        Publi\u00e9 le<\/p>\n<p>            15 janv. 2026 \u00e0 21h40        <\/p>\n<p>Un homme de 25 ans s\u2019est \u00e9vad\u00e9 du centre de semi-libert\u00e9 de <strong>Montpellier,<\/strong> on venait de lui annoncer qu\u2019il retournait en d\u00e9tention au <strong>centre p\u00e9nitentiaire de Villeneuve-l\u00e8s-Maguelone.<\/strong><\/p>\n<p class=\" wall-content\">Depuis, le vingtenaire est activement recherch\u00e9. Les recherches lanc\u00e9es par les services de police, ce jeudi 15 janvier 2026 sont demeur\u00e9es vaines. L\u2019\u00e9vad\u00e9 a r\u00e9ussi \u00e0 grimper sur le toit du b\u00e2timent, situ\u00e9 dans la rue Donn\u00e2t, entre les Jardins du Peyrou et le cours Gambetta, non loin du tribunal judiciaire Pierre Flotte, avant de sauter dans une rue mitoyenne et s\u2019\u00e9chapper.<\/p>\n<p>    <a href=\"https:\/\/www.google.com\/maps\/embed?pb=!1m18!1m12!1m3!1d5678.441357545293!2d3.867833976857155!3d43.60967112002849!2m3!1f0!2f0!3f0!3m2!1i1024!2i768!4f13.1!3m3!1m2!1s0x12b6afaa1cb4234b%3A0xee5e96aa5a5dc356!2sCentre%20Semi-libert%C3%A9!5e0!3m2!1sfr!2sfr!4v1768509342928!5m2!1sfr!2sfr\" title=\"Ouvrie le lien\" target=\"_blank\" rel=\"noopener\">Cliquez ici pour visualiser le contenu<\/a><\/p>\n<p class=\" wall-content\">On venait de lui annoncer la d\u00e9cision d\u2019un magistrat : pour ne pas avoir respect\u00e9 sa situation de semi-libert\u00e9 -travailler le jour et venir dormir au centre-, il devait r\u00e9int\u00e9grer une cellule du centre p\u00e9nitentiaire de Villeneuve-l\u00e8s-Maguelone. Il a pr\u00e9f\u00e9r\u00e9 prendre la poudre d\u2019escampette.<\/p>\n<p class=\" wall-content\">Ce jeudi soir, le <strong>syndicat Ufap-Unsa-Justice<\/strong>\u00a0de cette prison confirme l\u2019information \u00e0 <strong>M\u00e9tropolitain<\/strong>, pr\u00e9cisant que l\u2019\u00e9vad\u00e9 est un multi-r\u00e9cidiviste pour avoir commis de nombreux d\u00e9lits divers et vari\u00e9s. Il avait notamment \u00e9t\u00e9 incarc\u00e9r\u00e9 en 2016 alors adolescent dans le quartier des mineurs du centre p\u00e9nitentiaire de Villeneuve.\u00a0<\/p>\n<p>Vid\u00e9os : en ce moment sur Actu<\/p>\n<p class=\" wall-content\">Selon le syndicat, \u00ab\u00a0l\u2019\u00e9vad\u00e9 n\u2019a pas \u00e9t\u00e9 retrouv\u00e9, un seul surveillant de prison assure la s\u00e9curit\u00e9 des d\u00e9tenus plac\u00e9s sous le r\u00e9gime de semi-libert\u00e9, ce qui est nettement insuffisant\u00a0\u00bb. Et de r\u00e9v\u00e9ler que des \u00e9vasions et des tentatives d\u2019\u00e9vasion ont d\u00e9j\u00e0 eu lieu dans cet \u00e9tablissement du centre-ville de Montpellier.<\/p>\n<p class=\" wall-content\">Personnalisez votre actualit\u00e9 en ajoutant vos villes et m\u00e9dias en favori avec <a href=\"https:\/\/moncompte.actu.fr\" title=\"D\u00e9couvez Mon Actu\" rel=\"nofollow noopener\" data-trk=\"{&quot;cta&quot;:{&quot;action&quot;:&quot;https:\\\/\\\/moncompte.actu.fr&quot;,&quot;category&quot;:&quot;mon compte&quot;,&quot;from&quot;:&quot;article footer&quot;,&quot;name&quot;:&quot;Mon actu&quot;,&quot;type&quot;:&quot;cta&quot;}}\" target=\"_blank\">Mon Actu<\/a>.<\/p>\n","protected":false},"excerpt":{"rendered":"Par Jean-Marc Aubert Publi\u00e9 le 15 janv. 2026 \u00e0 21h40 Un homme de 25 ans s\u2019est \u00e9vad\u00e9 du&hellip;\n","protected":false},"author":2,"featured_media":666254,"comment_status":"","ping_status":"","sticky":false,"template":"","format":"standard","meta":{"footnotes":""},"categories":[9599],"tags":[1111,11,1777,674,118,1011,27,303,2208,12,2680,1072,899,25],"class_list":{"0":"post-666253","1":"post","2":"type-post","3":"status-publish","4":"format-standard","5":"has-post-thumbnail","7":"category-montpellier","8":"tag-actu","9":"tag-actualites","10":"tag-eu","11":"tag-europe","12":"tag-faits-divers","13":"tag-fr","14":"tag-france","15":"tag-justice","16":"tag-montpellier","17":"tag-news","18":"tag-occitanie","19":"tag-police","20":"tag-prisons","21":"tag-republique-francaise"},"share_on_mastodon":{"url":"https:\/\/pubeurope.com\/@fr\/115901300934400324","error":""},"_links":{"self":[{"href":"https:\/\/www.europesays.com\/fr\/wp-json\/wp\/v2\/posts\/666253","targetHints":{"allow":["GET"]}}],"collection":[{"href":"https:\/\/www.europesays.com\/fr\/wp-json\/wp\/v2\/posts"}],"about":[{"href":"https:\/\/www.europesays.com\/fr\/wp-json\/wp\/v2\/types\/post"}],"author":[{"embeddable":true,"href":"https:\/\/www.europesays.com\/fr\/wp-json\/wp\/v2\/users\/2"}],"replies":[{"embeddable":true,"href":"https:\/\/www.europesays.com\/fr\/wp-json\/wp\/v2\/comments?post=666253"}],"version-history":[{"count":0,"href":"https:\/\/www.europesays.com\/fr\/wp-json\/wp\/v2\/posts\/666253\/revisions"}],"wp:featuredmedia":[{"embeddable":true,"href":"https:\/\/www.europesays.com\/fr\/wp-json\/wp\/v2\/media\/666254"}],"wp:attachment":[{"href":"https:\/\/www.europesays.com\/fr\/wp-json\/wp\/v2\/media?parent=666253"}],"wp:term":[{"taxonomy":"category","embeddable":true,"href":"https:\/\/www.europesays.com\/fr\/wp-json\/wp\/v2\/categories?post=666253"},{"taxonomy":"post_tag","embeddable":true,"href":"https:\/\/www.europesays.com\/fr\/wp-json\/wp\/v2\/tags?post=666253"}],"curies":[{"name":"wp","href":"https:\/\/api.w.org\/{rel}","templated":true}]}}