{"id":666257,"date":"2026-01-15T21:46:32","date_gmt":"2026-01-15T21:46:32","guid":{"rendered":"https:\/\/www.europesays.com\/fr\/666257\/"},"modified":"2026-01-15T21:46:32","modified_gmt":"2026-01-15T21:46:32","slug":"mayer-rossignol-brigue-un-second-mandat-a-rouen","status":"publish","type":"post","link":"https:\/\/www.europesays.com\/fr\/666257\/","title":{"rendered":"Mayer Rossignol brigue un second mandat \u00e0 Rouen"},"content":{"rendered":"<p>Frapp\u00e9 par un cancer de la vessie qui l\u2019a conduit trois fois sur la table d\u2019op\u00e9ration depuis 2022, Nicolas Mayer Rossignol disait attendre les r\u00e9sultats de son bilan de sant\u00e9 pour se d\u00e9clarer. C\u2019est chose faite. Rassur\u00e9 par ses derniers examens m\u00e9dicaux qui \u00ab n\u2019auraient pu \u00eatre meilleurs\u00a0\u00bb de son propre aveu, l\u2019actuel maire de Rouen se relance pour la seconde fois dans la bataille des municipales fort du capital sympathie que lui a valu la r\u00e9v\u00e9lation de sa maladie, l\u2019an dernier.\u00a0<\/p>\n<p>L\u2019ancien chimiste, pass\u00e9 par Normale Sup\u2019 et Stanford, y fait figure de grand favori. A quelques semaines du scrutin, son entourage manifeste une confiance d\u2019airain. \u00ab\u00a0On joue sur du velours, commente l\u2019un de ses proches rompu aux arcanes de la politique locale. Les Rouennais lui en ont un peu voulu pour la ZFE mais ils lui savent gr\u00e9 d\u2019avoir r\u00e9veill\u00e9 la belle endormie\u00a0\u00bb.\u00a0\u00a0<\/p>\n<p>Comme lors de sa pr\u00e9c\u00e9dente campagne, le presque quinqua (48 ans) lie \u00e9troitement sa candidature \u00e0 la mairie \u00e0 celle de la pr\u00e9sidence de la M\u00e9tropole qu\u2019il brigue simultan\u00e9ment. \u00ab\u00a0Je suis candidat aux \u00e9lections municipales et aux \u00e9lections m\u00e9tropolitaines\u00a0\u00bb, ont \u00e9t\u00e9 ses premiers mots \u00e0 l\u2019annonce de sa d\u00e9cision de repartir pour un tour. Une approche passablement inhabituelle qui s\u2019explique par la petite taille de la ville centre dont beaucoup des comp\u00e9tences ont \u00e9t\u00e9 transf\u00e9r\u00e9es \u00e0 l\u2019\u00e9chelon sup\u00e9rieur.\u00a0<\/p>\n<p>Malgr\u00e9 un rebond au cours des derni\u00e8res ann\u00e9es, Rouen Intramuros franchit en effet tout juste le seuil des 120.000 habitants, bien en de\u00e7a du demi-million de r\u00e9sidents de l\u2019agglom\u00e9ration dont Laurent Fabius avait accouch\u00e9 en son temps dans l\u2019espoir de sortir la ville de Jeanne d\u2019Arc de l\u2019ombre port\u00e9e de Paris.\u00a0<\/p>\n","protected":false},"excerpt":{"rendered":"Frapp\u00e9 par un cancer de la vessie qui l\u2019a conduit trois fois sur la table d\u2019op\u00e9ration depuis 2022,&hellip;\n","protected":false},"author":2,"featured_media":666258,"comment_status":"","ping_status":"","sticky":false,"template":"","format":"standard","meta":{"footnotes":""},"categories":[9587],"tags":[5734,1111,11,55542,1777,674,1011,27,3102,13184,22247,12,5161,25,24980,9590,60166],"class_list":{"0":"post-666257","1":"post","2":"type-post","3":"status-publish","4":"format-standard","5":"has-post-thumbnail","7":"category-rouen","8":"tag-5734","9":"tag-actu","10":"tag-actualites","11":"tag-brigue","12":"tag-eu","13":"tag-europe","14":"tag-fr","15":"tag-france","16":"tag-la-tribune-dimanche","17":"tag-mandat","18":"tag-mayer","19":"tag-news","20":"tag-normandie","21":"tag-republique-francaise","22":"tag-rossignol","23":"tag-rouen","24":"tag-second"},"share_on_mastodon":{"url":"https:\/\/pubeurope.com\/@fr\/115901312774966279","error":""},"_links":{"self":[{"href":"https:\/\/www.europesays.com\/fr\/wp-json\/wp\/v2\/posts\/666257","targetHints":{"allow":["GET"]}}],"collection":[{"href":"https:\/\/www.europesays.com\/fr\/wp-json\/wp\/v2\/posts"}],"about":[{"href":"https:\/\/www.europesays.com\/fr\/wp-json\/wp\/v2\/types\/post"}],"author":[{"embeddable":true,"href":"https:\/\/www.europesays.com\/fr\/wp-json\/wp\/v2\/users\/2"}],"replies":[{"embeddable":true,"href":"https:\/\/www.europesays.com\/fr\/wp-json\/wp\/v2\/comments?post=666257"}],"version-history":[{"count":0,"href":"https:\/\/www.europesays.com\/fr\/wp-json\/wp\/v2\/posts\/666257\/revisions"}],"wp:featuredmedia":[{"embeddable":true,"href":"https:\/\/www.europesays.com\/fr\/wp-json\/wp\/v2\/media\/666258"}],"wp:attachment":[{"href":"https:\/\/www.europesays.com\/fr\/wp-json\/wp\/v2\/media?parent=666257"}],"wp:term":[{"taxonomy":"category","embeddable":true,"href":"https:\/\/www.europesays.com\/fr\/wp-json\/wp\/v2\/categories?post=666257"},{"taxonomy":"post_tag","embeddable":true,"href":"https:\/\/www.europesays.com\/fr\/wp-json\/wp\/v2\/tags?post=666257"}],"curies":[{"name":"wp","href":"https:\/\/api.w.org\/{rel}","templated":true}]}}