{"id":666267,"date":"2026-01-15T21:51:13","date_gmt":"2026-01-15T21:51:13","guid":{"rendered":"https:\/\/www.europesays.com\/fr\/666267\/"},"modified":"2026-01-15T21:51:13","modified_gmt":"2026-01-15T21:51:13","slug":"melih-kara-photographe-de-mode-a-strasbourg","status":"publish","type":"post","link":"https:\/\/www.europesays.com\/fr\/666267\/","title":{"rendered":"Melih Kara photographe de mode a strasbourg"},"content":{"rendered":"<p><img loading=\"lazy\" decoding=\"async\" class=\"\" src=\"https:\/\/www.europesays.com\/fr\/wp-content\/uploads\/2026\/01\/586b7caa-9e5e-47e1-a85e-e4d8fce8c4c9.jpg\" alt=\"TOP MUSIC\" width=\"1\" height=\"1\"\/><\/p>\n<p class=\"date\">21h30 &#8211; 9 min 16 sec<\/p>\n<p>Melih Kara photographe de mode a strasbourg<\/p>\n<p data-pm-slice=\"1 1 []\">Chaque jour, <strong>Erwan et Roland<\/strong>\u00a0mettent en lumi\u00e8re ceux qui font briller l&rsquo;Alsace : artistes, sportifs, influenceurs et personnalit\u00e9s inspirantes. Avec des interviews exclusives, <strong>la Top Family <\/strong>est l&rsquo;\u00e9mission incontournable pour d\u00e9couvrir les talents locaux qui fa\u00e7onnent la r\u00e9gion. Restez inform\u00e9 et inspir\u00e9 par les figures qui influencent l&rsquo;Alsace au quotidien !<\/p>\n","protected":false},"excerpt":{"rendered":"21h30 &#8211; 9 min 16 sec Melih Kara photographe de mode a strasbourg Chaque jour, Erwan et Roland\u00a0mettent&hellip;\n","protected":false},"author":2,"featured_media":666268,"comment_status":"","ping_status":"","sticky":false,"template":"","format":"standard","meta":{"footnotes":""},"categories":[2820],"tags":[1111,11,2389,1777,674,1011,27,775,2173,12,25,640],"class_list":{"0":"post-666267","1":"post","2":"type-post","3":"status-publish","4":"format-standard","5":"has-post-thumbnail","7":"category-strasbourg","8":"tag-actu","9":"tag-actualites","10":"tag-alsace","11":"tag-eu","12":"tag-europe","13":"tag-fr","14":"tag-france","15":"tag-grand-est","16":"tag-interview","17":"tag-news","18":"tag-republique-francaise","19":"tag-strasbourg"},"share_on_mastodon":{"url":"https:\/\/pubeurope.com\/@fr\/115901332501221190","error":""},"_links":{"self":[{"href":"https:\/\/www.europesays.com\/fr\/wp-json\/wp\/v2\/posts\/666267","targetHints":{"allow":["GET"]}}],"collection":[{"href":"https:\/\/www.europesays.com\/fr\/wp-json\/wp\/v2\/posts"}],"about":[{"href":"https:\/\/www.europesays.com\/fr\/wp-json\/wp\/v2\/types\/post"}],"author":[{"embeddable":true,"href":"https:\/\/www.europesays.com\/fr\/wp-json\/wp\/v2\/users\/2"}],"replies":[{"embeddable":true,"href":"https:\/\/www.europesays.com\/fr\/wp-json\/wp\/v2\/comments?post=666267"}],"version-history":[{"count":0,"href":"https:\/\/www.europesays.com\/fr\/wp-json\/wp\/v2\/posts\/666267\/revisions"}],"wp:featuredmedia":[{"embeddable":true,"href":"https:\/\/www.europesays.com\/fr\/wp-json\/wp\/v2\/media\/666268"}],"wp:attachment":[{"href":"https:\/\/www.europesays.com\/fr\/wp-json\/wp\/v2\/media?parent=666267"}],"wp:term":[{"taxonomy":"category","embeddable":true,"href":"https:\/\/www.europesays.com\/fr\/wp-json\/wp\/v2\/categories?post=666267"},{"taxonomy":"post_tag","embeddable":true,"href":"https:\/\/www.europesays.com\/fr\/wp-json\/wp\/v2\/tags?post=666267"}],"curies":[{"name":"wp","href":"https:\/\/api.w.org\/{rel}","templated":true}]}}