{"id":666273,"date":"2026-01-15T21:54:09","date_gmt":"2026-01-15T21:54:09","guid":{"rendered":"https:\/\/www.europesays.com\/fr\/666273\/"},"modified":"2026-01-15T21:54:09","modified_gmt":"2026-01-15T21:54:09","slug":"jai-des-regrets-sanson-evoque-sa-relation-distante-avec-haise","status":"publish","type":"post","link":"https:\/\/www.europesays.com\/fr\/666273\/","title":{"rendered":"\u00ab\u00a0J&rsquo;ai des regrets\u00a0\u00bb, Sanson \u00e9voque sa relation (distante) avec Haise"},"content":{"rendered":"<p>Nice : \u00ab\u00a0J&rsquo;ai des regrets\u00a0\u00bb, Sanson \u00e9voque sa relation (distante) avec Haise Sur le m\u00eame sujet<a href=\"https:\/\/rmcsport.bfmtv.com\/football\/ligue-1\/video-polemiques-incessantes-controverses-permanentes-l-arbitrage-hysterise-les-acteurs-du-foot_VN-202601150987.html\" title=\"Pol\u00e9miques incessantes, controverses permanentes\u2026 l&#039;arbitrage hyst\u00e9rise les acteurs du foot \" target=\"_blank\" rel=\"noopener\"><img class=\"lozad\"  width=\"16\" height=\"9\" alt=\"Pol\u00e9miques incessantes, controverses permanentes\u2026 l'arbitrage hyst\u00e9rise les acteurs du foot \"\/>11:29Pol\u00e9miques incessantes, controverses permanentes\u2026 l&rsquo;arbitrage hyst\u00e9rise les acteurs du foot<\/a><a href=\"https:\/\/rmcsport.bfmtv.com\/football\/ligue-1\/video-nice-j-ai-des-regrets-sanson-evoque-sa-relation-distante-avec-haise_VN-202601150978.html\" title=\"Nice : &quot;J&#039;ai des regrets&quot;, Sanson \u00e9voque sa relation (distante) avec Haise\" target=\"_blank\" rel=\"noopener\"><img class=\"lozad\"  width=\"16\" height=\"9\" alt=\"Nice : &quot;J'ai des regrets&quot;, Sanson \u00e9voque sa relation (distante) avec Haise\"\/>en lectureNice : \u00ab\u00a0J&rsquo;ai des regrets\u00a0\u00bb, Sanson \u00e9voque sa relation (distante) avec Haise<\/a><a href=\"https:\/\/rmcsport.bfmtv.com\/football\/video-after-om-coach-courbis-degun-ne-t-oubliera-a-marseille_VN-202601150726.html\" title=\"After OM : Coach Courbis... d\u00e9gun ne t&#039;oubliera \u00e0 Marseille !\" target=\"_blank\" rel=\"noopener\"><img class=\"lozad\"  width=\"16\" height=\"9\" alt=\"After OM : Coach Courbis... d\u00e9gun ne t'oubliera \u00e0 Marseille !\"\/>29:48After OM : Coach Courbis&#8230; d\u00e9gun ne t&rsquo;oubliera \u00e0 Marseille !<\/a><a href=\"https:\/\/rmcsport.bfmtv.com\/football\/bundesliga\/video-ligue-1-vs-bundesliga-assignon-choque-par-le-pressing-d-homme-a-homme-after-allemagne_VN-202601150694.html\" title=\"Ligue 1 vs Bundesliga, Assignon choqu\u00e9 par le pressing &quot;d&#039;homme \u00e0 homme&quot; (After Allemagne)\" target=\"_blank\" rel=\"noopener\"><img class=\"lozad\"  width=\"16\" height=\"9\" alt=\"Ligue 1 vs Bundesliga, Assignon choqu\u00e9 par le pressing &quot;d'homme \u00e0 homme&quot; (After Allemagne)\"\/>3:14Ligue 1 vs Bundesliga, Assignon choqu\u00e9 par le pressing \u00ab\u00a0d&rsquo;homme \u00e0 homme\u00a0\u00bb (After Allemagne)<\/a><a href=\"https:\/\/rmcsport.bfmtv.com\/football\/ligue-1\/video-rc-lens-je-n-ai-pas-l-habitude-de-prendre-l-ascenseur-mais-les-escaliers-explique-sage_VN-202601150623.html\" title=\"RC Lens : \u201cJe n\u2019ai pas l\u2019habitude de prendre l\u2019ascenseur mais les escaliers\u2026\u201d, explique Sage\" target=\"_blank\" rel=\"noopener\"><img class=\"lozad\"  width=\"16\" height=\"9\" alt=\"RC Lens : \u201cJe n\u2019ai pas l\u2019habitude de prendre l\u2019ascenseur mais les escaliers\u2026\u201d, explique Sage\"\/>1:48RC Lens : \u201cJe n\u2019ai pas l\u2019habitude de prendre l\u2019ascenseur mais les escaliers\u2026\u201d, explique Sage<\/a><a href=\"https:\/\/rmcsport.bfmtv.com\/football\/ligue-1\/video-carton-orange-important-d-evoluer-l-avis-de-luis-enrique-et-des-coachs-de-l1_VN-202601150614.html\" title=\"Carton orange ? &quot;Important d&#039;\u00e9voluer&quot; l&#039;avis de Luis Enrique (et des coachs de L1)\" target=\"_blank\" rel=\"noopener\"><img class=\"lozad\"  width=\"16\" height=\"9\" alt=\"Carton orange ? &quot;Important d'\u00e9voluer&quot; l'avis de Luis Enrique (et des coachs de L1)\"\/>2:09Carton orange ? \u00ab\u00a0Important d&rsquo;\u00e9voluer\u00a0\u00bb l&rsquo;avis de Luis Enrique (et des coachs de L1)<\/a><a href=\"https:\/\/rmcsport.bfmtv.com\/football\/transferts\/video-om-5-4-mhsc-on-est-mene-4-0-et-courbis-nous-parle-de-petanque-sourit-pires_VN-202601150603.html\" title=\"OM 5-4 MHSC : \u201cOn est men\u00e9 4-0 et Courbis nous parle de p\u00e9tanque\u2026\u201d, sourit Pir\u00e8s\" target=\"_blank\" rel=\"noopener\"><img class=\"lozad\"  width=\"16\" height=\"9\" alt=\"OM 5-4 MHSC : \u201cOn est men\u00e9 4-0 et Courbis nous parle de p\u00e9tanque\u2026\u201d, sourit Pir\u00e8s\"\/>4:16OM 5-4 MHSC : \u201cOn est men\u00e9 4-0 et Courbis nous parle de p\u00e9tanque\u2026\u201d, sourit Pir\u00e8s<\/a><a href=\"https:\/\/rmcsport.bfmtv.com\/football\/video-psg-faire-contre-elimination-bon-c-ur-luis-enrique-relativise-la-defaite-en-coupe-de-france_VN-202601150533.html\" title=\"PSG : Faire contre \u00e9limination bon c\u0153ur, Luis Enrique relativise la d\u00e9faite en Coupe de France\" target=\"_blank\" rel=\"noopener\"><img class=\"lozad\"  width=\"16\" height=\"9\" alt=\"PSG : Faire contre \u00e9limination bon c\u0153ur, Luis Enrique relativise la d\u00e9faite en Coupe de France\"\/>2:09PSG : Faire contre \u00e9limination bon c\u0153ur, Luis Enrique relativise la d\u00e9faite en Coupe de France<\/a><a href=\"https:\/\/rmcsport.bfmtv.com\/football\/ligue-1\/video-psg-0-1-paris-fc-on-meritait-clairement-de-gagner-mais-on-accepte-le-resultat-relativise-luis-enrique_VN-202601150529.html\" title=\"PSG 0-1 Paris FC : &quot;On m\u00e9ritait clairement de gagner, mais on accepte le r\u00e9sultat&quot; relativise Luis Enrique\" target=\"_blank\" rel=\"noopener\"><img class=\"lozad\"  width=\"16\" height=\"9\" alt=\"PSG 0-1 Paris FC : &quot;On m\u00e9ritait clairement de gagner, mais on accepte le r\u00e9sultat&quot; relativise Luis Enrique\"\/>2:32PSG 0-1 Paris FC : \u00ab\u00a0On m\u00e9ritait clairement de gagner, mais on accepte le r\u00e9sultat\u00a0\u00bb relativise Luis Enrique<\/a><a href=\"https:\/\/rmcsport.bfmtv.com\/football\/ligue-1\/video-ligue-1-le-programme-tv-complet-de-la-18e-journee_VN-202601150321.html\" title=\"Ligue 1 : Le programme TV complet de la 18e journ\u00e9e\" target=\"_blank\" rel=\"noopener\"><img class=\"lozad\"  width=\"16\" height=\"9\" alt=\"Ligue 1 : Le programme TV complet de la 18e journ\u00e9e\"\/>1:21Ligue 1 : Le programme TV complet de la 18e journ\u00e9e<\/a><a href=\"https:\/\/rmcsport.bfmtv.com\/replay-emissions\/rothen-regale\/video-nationale-2-c-est-le-cousin-de-john-textor-dugarry-charge-lopez-qui-se-dedouane-de-la-chute-de-bordeaux_VN-202601140995.html\" title=\"Nationale 2 : &quot;C&#039;est le cousin de John Textor !&quot;, Dugarry charge Lopez qui se d\u00e9douane de la chute de Bordeaux \" target=\"_blank\" rel=\"noopener\"><img class=\"lozad\"  width=\"16\" height=\"9\" alt=\"Nationale 2 : &quot;C'est le cousin de John Textor !&quot;, Dugarry charge Lopez qui se d\u00e9douane de la chute de Bordeaux \"\/>4:46Nationale 2 : \u00ab\u00a0C&rsquo;est le cousin de John Textor !\u00a0\u00bb, Dugarry charge Lopez qui se d\u00e9douane de la chute de Bordeaux<\/a><a href=\"https:\/\/rmcsport.bfmtv.com\/replay-emissions\/rothen-regale\/video-ligue-1-letang-se-plaint-mais-ne-va-jamais-assister-aux-reunions-avec-les-arbitres-s-agace-dugarry_VN-202601140902.html\" title=\"Ligue 1 : \u201cL\u00e9tang se plaint mais ne va jamais assister aux r\u00e9unions avec les arbitres\u201d, s\u2019agace Dugarry\" target=\"_blank\" rel=\"noopener\"><img class=\"lozad\"  width=\"16\" height=\"9\" alt=\"Ligue 1 : \u201cL\u00e9tang se plaint mais ne va jamais assister aux r\u00e9unions avec les arbitres\u201d, s\u2019agace Dugarry\"\/>7:58Ligue 1 : \u201cL\u00e9tang se plaint mais ne va jamais assister aux r\u00e9unions avec les arbitres\u201d, s\u2019agace Dugarry<\/a><a href=\"https:\/\/rmcsport.bfmtv.com\/football\/ligue-1\/video-monaco-le-plan-pour-pogba-ne-va-pas-dans-la-direction-esperee-avoue-scuro_VN-202601140662.html\" title=\"Monaco : &quot;Le plan pour Pogba ne va pas dans la direction esp\u00e9r\u00e9e&quot; avoue Scuro \" target=\"_blank\" rel=\"noopener\"><img class=\"lozad\"  width=\"16\" height=\"9\" alt=\"Monaco : &quot;Le plan pour Pogba ne va pas dans la direction esp\u00e9r\u00e9e&quot; avoue Scuro \"\/>1:27Monaco : \u00ab\u00a0Le plan pour Pogba ne va pas dans la direction esp\u00e9r\u00e9e\u00a0\u00bb avoue Scuro<\/a><a href=\"https:\/\/rmcsport.bfmtv.com\/football\/ligue-1\/video-psg-barca-real-le-top-clubs-formateurs-en-2025-26_VN-202601140495.html\" title=\"PSG, Bar\u00e7a, Real\u2026 Le top clubs formateurs en 2025\/26\" target=\"_blank\" rel=\"noopener\"><img class=\"lozad\"  width=\"16\" height=\"9\" alt=\"PSG, Bar\u00e7a, Real\u2026 Le top clubs formateurs en 2025\/26\"\/>0:47PSG, Bar\u00e7a, Real\u2026 Le top clubs formateurs en 2025\/26<\/a><a class=\"jumpToVideo\" target=\"_blank\"><img class=\"thumbnailPreview\"\/><\/a><\/p>\n","protected":false},"excerpt":{"rendered":"Nice : \u00ab\u00a0J&rsquo;ai des regrets\u00a0\u00bb, Sanson \u00e9voque sa relation (distante) avec Haise Sur le m\u00eame sujet11:29Pol\u00e9miques incessantes, controverses&hellip;\n","protected":false},"author":2,"featured_media":666274,"comment_status":"","ping_status":"","sticky":false,"template":"","format":"standard","meta":{"footnotes":""},"categories":[2819],"tags":[1111,11,1777,674,1011,27,12,2401,882,25],"class_list":{"0":"post-666273","1":"post","2":"type-post","3":"status-publish","4":"format-standard","5":"has-post-thumbnail","7":"category-nice","8":"tag-actu","9":"tag-actualites","10":"tag-eu","11":"tag-europe","12":"tag-fr","13":"tag-france","14":"tag-news","15":"tag-nice","16":"tag-provence-alpes-cote-dazur","17":"tag-republique-francaise"},"share_on_mastodon":{"url":"https:\/\/pubeurope.com\/@fr\/115901344277380180","error":""},"_links":{"self":[{"href":"https:\/\/www.europesays.com\/fr\/wp-json\/wp\/v2\/posts\/666273","targetHints":{"allow":["GET"]}}],"collection":[{"href":"https:\/\/www.europesays.com\/fr\/wp-json\/wp\/v2\/posts"}],"about":[{"href":"https:\/\/www.europesays.com\/fr\/wp-json\/wp\/v2\/types\/post"}],"author":[{"embeddable":true,"href":"https:\/\/www.europesays.com\/fr\/wp-json\/wp\/v2\/users\/2"}],"replies":[{"embeddable":true,"href":"https:\/\/www.europesays.com\/fr\/wp-json\/wp\/v2\/comments?post=666273"}],"version-history":[{"count":0,"href":"https:\/\/www.europesays.com\/fr\/wp-json\/wp\/v2\/posts\/666273\/revisions"}],"wp:featuredmedia":[{"embeddable":true,"href":"https:\/\/www.europesays.com\/fr\/wp-json\/wp\/v2\/media\/666274"}],"wp:attachment":[{"href":"https:\/\/www.europesays.com\/fr\/wp-json\/wp\/v2\/media?parent=666273"}],"wp:term":[{"taxonomy":"category","embeddable":true,"href":"https:\/\/www.europesays.com\/fr\/wp-json\/wp\/v2\/categories?post=666273"},{"taxonomy":"post_tag","embeddable":true,"href":"https:\/\/www.europesays.com\/fr\/wp-json\/wp\/v2\/tags?post=666273"}],"curies":[{"name":"wp","href":"https:\/\/api.w.org\/{rel}","templated":true}]}}