{"id":666277,"date":"2026-01-15T21:56:29","date_gmt":"2026-01-15T21:56:29","guid":{"rendered":"https:\/\/www.europesays.com\/fr\/666277\/"},"modified":"2026-01-15T21:56:29","modified_gmt":"2026-01-15T21:56:29","slug":"le-corps-sans-vie-dun-retraite-retrouve-chez-lui-sa-mort-remonterait-a-plusieurs-semaines","status":"publish","type":"post","link":"https:\/\/www.europesays.com\/fr\/666277\/","title":{"rendered":"le corps sans vie d\u2019un retrait\u00e9 retrouv\u00e9 chez lui, sa mort remonterait \u00e0 plusieurs semaines"},"content":{"rendered":"<p>La police a fait une d\u00e9couverte macabre mardi 13\u00a0janvier 2026 dans un immeuble de Nantes (<a target=\"_self\" href=\"https:\/\/www.lanouvellerepublique.fr\/loire-atlantique\" rel=\"noopener\">Loire-Atlantique<\/a>). Un homme de 69\u00a0ans, qui n\u2019avait plus donn\u00e9 signe de vie depuis plusieurs semaines, a \u00e9t\u00e9 retrouv\u00e9 d\u00e9c\u00e9d\u00e9 chez lui, rapporte <a target=\"_blank\" href=\"https:\/\/www.ouest-france.fr\/societe\/faits-divers\/un-homme-decouvert-mort-chez-lui-quartier-jean-zay-a-nantes-dbae6ed6-f156-11f0-977d-9ddad21d78c7\" rel=\"noopener\">Presse Oc\u00e9an<\/a>. Sa mort pourrait remonter \u00e0 plusieurs semaines.<\/p>\n<p>Un drame de la solitude<\/p>\n<p>L\u2019alerte a \u00e9t\u00e9 donn\u00e9e par un voisin du retrait\u00e9 qui s\u2019inqui\u00e9tait de ne plus l\u2019apercevoir. \u00ab\u00a0Je ne crois pas l\u2019avoir vu depuis mai\u00a0\u00bb, a indiqu\u00e9 un habitant \u00e0 nos confr\u00e8res. Arriv\u00e9 sur place aux alentours de 19\u00a0h\u00a030, les forces de l\u2019ordre n\u2019ont pu que constater le d\u00e9c\u00e8s du sexag\u00e9naire. La piste de l\u2019intervention d\u2019un tiers a \u00e9t\u00e9 \u00e9cart\u00e9e. Il s\u2019agirait d\u2019un drame de la solitude.<\/p>\n<p>Le d\u00e9funt habitait dans l\u2019immeuble depuis plusieurs ann\u00e9es. \u00ab\u00a0Nous avions l\u2019habitude de nous saluer\u00a0\u00bb, a expliqu\u00e9 le r\u00e9sident interrog\u00e9 par Presse Oc\u00e9an. Selon son t\u00e9moignage, le v\u00e9hicule du vieil homme a fini \u00e0 la fourri\u00e8re apr\u00e8s \u00eatre rest\u00e9 gar\u00e9 longtemps devant le b\u00e2timent.<\/p>\n","protected":false},"excerpt":{"rendered":"La police a fait une d\u00e9couverte macabre mardi 13\u00a0janvier 2026 dans un immeuble de Nantes (Loire-Atlantique). Un homme&hellip;\n","protected":false},"author":2,"featured_media":666278,"comment_status":"","ping_status":"","sticky":false,"template":"","format":"standard","meta":{"footnotes":""},"categories":[2818],"tags":[1111,11,1674,1777,674,274,1011,27,3047,766,12,2636,25],"class_list":{"0":"post-666277","1":"post","2":"type-post","3":"status-publish","4":"format-standard","5":"has-post-thumbnail","7":"category-nantes","8":"tag-actu","9":"tag-actualites","10":"tag-communes","11":"tag-eu","12":"tag-europe","13":"tag-faits-divers-justice","14":"tag-fr","15":"tag-france","16":"tag-loire-atlantique","17":"tag-nantes","18":"tag-news","19":"tag-pays-de-la-loire","20":"tag-republique-francaise"},"share_on_mastodon":{"url":"https:\/\/pubeurope.com\/@fr\/115901352099884379","error":""},"_links":{"self":[{"href":"https:\/\/www.europesays.com\/fr\/wp-json\/wp\/v2\/posts\/666277","targetHints":{"allow":["GET"]}}],"collection":[{"href":"https:\/\/www.europesays.com\/fr\/wp-json\/wp\/v2\/posts"}],"about":[{"href":"https:\/\/www.europesays.com\/fr\/wp-json\/wp\/v2\/types\/post"}],"author":[{"embeddable":true,"href":"https:\/\/www.europesays.com\/fr\/wp-json\/wp\/v2\/users\/2"}],"replies":[{"embeddable":true,"href":"https:\/\/www.europesays.com\/fr\/wp-json\/wp\/v2\/comments?post=666277"}],"version-history":[{"count":0,"href":"https:\/\/www.europesays.com\/fr\/wp-json\/wp\/v2\/posts\/666277\/revisions"}],"wp:featuredmedia":[{"embeddable":true,"href":"https:\/\/www.europesays.com\/fr\/wp-json\/wp\/v2\/media\/666278"}],"wp:attachment":[{"href":"https:\/\/www.europesays.com\/fr\/wp-json\/wp\/v2\/media?parent=666277"}],"wp:term":[{"taxonomy":"category","embeddable":true,"href":"https:\/\/www.europesays.com\/fr\/wp-json\/wp\/v2\/categories?post=666277"},{"taxonomy":"post_tag","embeddable":true,"href":"https:\/\/www.europesays.com\/fr\/wp-json\/wp\/v2\/tags?post=666277"}],"curies":[{"name":"wp","href":"https:\/\/api.w.org\/{rel}","templated":true}]}}