{"id":666279,"date":"2026-01-15T21:57:13","date_gmt":"2026-01-15T21:57:13","guid":{"rendered":"https:\/\/www.europesays.com\/fr\/666279\/"},"modified":"2026-01-15T21:57:13","modified_gmt":"2026-01-15T21:57:13","slug":"preavis-de-greve-a-la-maternite-de-bordeaux-pellegrin-la-cgt-denonce-une-degradation-des-conditions-de-travail","status":"publish","type":"post","link":"https:\/\/www.europesays.com\/fr\/666279\/","title":{"rendered":"pr\u00e9avis de gr\u00e8ve \u00e0 la maternit\u00e9 de Bordeaux Pellegrin, la CGT d\u00e9nonce une d\u00e9gradation des conditions de travail"},"content":{"rendered":"<p>Cette semaine, la CGT repart \u00e0 la bataille avec un pr\u00e9avis de gr\u00e8ve d\u00e9pos\u00e9 pour le lundi 19\u00a0janvier \u00e0 la maternit\u00e9 de Pellegrin. Selon la d\u00e9l\u00e9gu\u00e9e CGT Alexandra Duchesne, les conditions de travail \u00ab\u00a0qui n\u2019\u00e9taient d\u00e9j\u00e0 pas brillantes avant se sont d\u00e9grad\u00e9es depuis l\u2019entr\u00e9e en vigueur du PRE\u00a0\u00bb.<\/p>\n<p>\u00ab\u00a0Des heures sup moins bien pay\u00e9es\u00a0\u00bb<\/p>\n<p>Deux sujets posent probl\u00e8me, explique la responsable syndicale. Tout d\u2019abord la baisse de r\u00e9mun\u00e9ration des heures suppl\u00e9mentaires, dans le cadre du PRE, \u00ab\u00a0avec des heures sup moins bien pay\u00e9es durant les gardes qu\u2019en temps normal de travail. C\u2019est le cas pour tout le CHU, mais la sp\u00e9cificit\u00e9 de la maternit\u00e9 c\u2019est que les m\u00e9tiers sont tr\u00e8s sp\u00e9cialis\u00e9s, il y a des sages-femmes et des auxiliaires de pu\u00e9riculture, qui ne peuvent pas \u00eatre remplac\u00e9s par du personnel venu d\u2019autres services. On est tout le temps sur un fil\u00a0\u00bb.<\/p>\n<p>Cela se traduit par des lits ferm\u00e9s, des rendez-vous non assur\u00e9s ou d\u00e9cal\u00e9s faute de personnel. Certains services fonctionnent \u00ab\u00a0en mode d\u00e9grad\u00e9, comme le 2e\u00a0\u00e9tage, le service des grossesses \u00e0 haut risque, o\u00f9 on est deux la nuit au lieu de trois\u00a0\u00bb. Son confr\u00e8re Farid Azzoug, secr\u00e9taire CGT \u00e0 Pellegrin, ajoute que \u00ab\u00a0la maternit\u00e9 est dimensionn\u00e9e pour 3\u00a0000 \u00e0 3\u00a0500 naissances par an, elle en assure plus de 6\u00a0000. Elle est devenue la plus grosse de France, et les effectifs ne suivent pas\u00a0\u00bb. La maternit\u00e9 compte 150 sages-femmes et 150 auxiliaires de pu\u00e9riculture.<\/p>\n<p>Autre grief selon l\u2019organisation syndicale, la fermeture du parking pour le personnel de la maternit\u00e9 et l\u2019obligation de stationner sur un parking situ\u00e9 \u00e0 l\u2019autre extr\u00e9mit\u00e9 du tr\u00e8s grand site de Pellegrin. La CGT r\u00e9clame la r\u00e9ouverture du parking habituel pour le personnel.<\/p>\n<p>\u00ab\u00a0Aucun poste vacant\u00a0\u00bb<\/p>\n<p>De son c\u00f4t\u00e9, la direction du CHU pr\u00e9cise que \u00ab\u00a0les effectifs ont \u00e9t\u00e9 adapt\u00e9s depuis 2022 et qu\u2019il n\u2019existe aujourd\u2019hui aucun poste vacant. La principale difficult\u00e9 identifi\u00e9e concerne un absent\u00e9isme \u00e9lev\u00e9, sur lequel un travail approfondi est engag\u00e9 avec des mesures de renfort et la cr\u00e9ation \u00e0 venir d\u2019un pool de remplacement en 2026. Il existe \u00e9galement chez de nombreux agents de nuit des restrictions m\u00e9dicales (une trentaine d\u2019agents concern\u00e9s pour 140 auxiliaires de pu\u00e9riculture) et tr\u00e8s peu d\u2019agents fixes de nuit\u00a0\u00bb.<\/p>\n","protected":false},"excerpt":{"rendered":"Cette semaine, la CGT repart \u00e0 la bataille avec un pr\u00e9avis de gr\u00e8ve d\u00e9pos\u00e9 pour le lundi 19\u00a0janvier&hellip;\n","protected":false},"author":2,"featured_media":666280,"comment_status":"","ping_status":"","sticky":false,"template":"","format":"standard","meta":{"footnotes":""},"categories":[2817],"tags":[1111,11,1997,1777,674,1011,27,12,2219,25],"class_list":{"0":"post-666279","1":"post","2":"type-post","3":"status-publish","4":"format-standard","5":"has-post-thumbnail","7":"category-bordeaux","8":"tag-actu","9":"tag-actualites","10":"tag-bordeaux","11":"tag-eu","12":"tag-europe","13":"tag-fr","14":"tag-france","15":"tag-news","16":"tag-nouvelle-aquitaine","17":"tag-republique-francaise"},"share_on_mastodon":{"url":"https:\/\/pubeurope.com\/@fr\/115901356101526167","error":""},"_links":{"self":[{"href":"https:\/\/www.europesays.com\/fr\/wp-json\/wp\/v2\/posts\/666279","targetHints":{"allow":["GET"]}}],"collection":[{"href":"https:\/\/www.europesays.com\/fr\/wp-json\/wp\/v2\/posts"}],"about":[{"href":"https:\/\/www.europesays.com\/fr\/wp-json\/wp\/v2\/types\/post"}],"author":[{"embeddable":true,"href":"https:\/\/www.europesays.com\/fr\/wp-json\/wp\/v2\/users\/2"}],"replies":[{"embeddable":true,"href":"https:\/\/www.europesays.com\/fr\/wp-json\/wp\/v2\/comments?post=666279"}],"version-history":[{"count":0,"href":"https:\/\/www.europesays.com\/fr\/wp-json\/wp\/v2\/posts\/666279\/revisions"}],"wp:featuredmedia":[{"embeddable":true,"href":"https:\/\/www.europesays.com\/fr\/wp-json\/wp\/v2\/media\/666280"}],"wp:attachment":[{"href":"https:\/\/www.europesays.com\/fr\/wp-json\/wp\/v2\/media?parent=666279"}],"wp:term":[{"taxonomy":"category","embeddable":true,"href":"https:\/\/www.europesays.com\/fr\/wp-json\/wp\/v2\/categories?post=666279"},{"taxonomy":"post_tag","embeddable":true,"href":"https:\/\/www.europesays.com\/fr\/wp-json\/wp\/v2\/tags?post=666279"}],"curies":[{"name":"wp","href":"https:\/\/api.w.org\/{rel}","templated":true}]}}