{"id":666283,"date":"2026-01-15T21:59:11","date_gmt":"2026-01-15T21:59:11","guid":{"rendered":"https:\/\/www.europesays.com\/fr\/666283\/"},"modified":"2026-01-15T21:59:11","modified_gmt":"2026-01-15T21:59:11","slug":"la-mairie-de-toulouse-recrute-en-vue-des-municipales","status":"publish","type":"post","link":"https:\/\/www.europesays.com\/fr\/666283\/","title":{"rendered":"la mairie de Toulouse recrute en vue des municipales"},"content":{"rendered":"<p>\u00c0 l\u2019occasion <a href=\"https:\/\/lopinion.com\/articles\/politique\/31846_jean-luc-moudenc-auditionne-senat-policiers-municipaux\" rel=\"noopener noreferrer\" target=\"_blank\">des \u00e9lections municipales<\/a> des <strong>15 et 22 mars 2026<\/strong>, la <strong>mairie de Toulouse<\/strong> lance un appel \u00e0 volontaires <strong>aupr\u00e8s des \u00e9lecteurs inscrits sur les listes \u00e9lectorales de la commune<\/strong>. <\/p>\n<p>Objectif : renforcer les \u00e9quipes des bureaux de vote en recrutant des <strong>assesseurs b\u00e9n\u00e9voles (non-r\u00e9mun\u00e9r\u00e9s <\/strong>&#8211; art. R44 du Code \u00e9lectoral), acteurs essentiels du bon d\u00e9roulement du scrutin.<\/p>\n<p>Un r\u00f4le cl\u00e9 au c\u0153ur de la d\u00e9mocratie locale<\/p>\n<p>Membres \u00e0 part enti\u00e8re des bureaux de vote, les assesseurs volontaires (sollicit\u00e9s par la mairie) et titulaires (d\u00e9sign\u00e9s officiellement par les candidats ou les partis politiques en lice lors de l\u2019\u00e9lection) participent <strong>activement aux op\u00e9rations \u00e9lectorales tout au long de la journ\u00e9e<\/strong>. La r\u00e9partition des missions s\u2019effectue d\u00e8s l\u2019ouverture du bureau de vote, en lien avec le pr\u00e9sident du bureau.<\/p>\n<p>Leurs principales t\u00e2ches consistent \u00e0 <strong>contr\u00f4ler le passage des \u00e9lecteurs<\/strong>, <strong>faire signer la liste d\u2019\u00e9margement<\/strong> et <strong>apposer sur la carte \u00e9lectorale le timbre officiel portant la date du scrutin<\/strong>.<\/p>\n<p>Selon les besoins, les assesseurs peuvent \u00e9galement \u00eatre amen\u00e9s \u00e0 <strong>assister ou suppl\u00e9er le pr\u00e9sident du bureau de vote<\/strong>. \u00c0 ce titre, ils peuvent proc\u00e9der au <strong>contr\u00f4le d\u2019identit\u00e9 des \u00e9lecteurs<\/strong> ou encore <strong>tenir l\u2019urne<\/strong>, garantissant ainsi la r\u00e9gularit\u00e9 et la transparence du vote.<\/p>\n<p>D\u00e9pouillement et cl\u00f4ture du scrutin<\/p>\n<p>Les assesseurs jouent enfin un r\u00f4le essentiel en fin de journ\u00e9e. Ils participent \u00e0 la <strong>cl\u00f4ture du scrutin<\/strong> et prennent part au <strong>d\u00e9pouillement des votes<\/strong>, \u00e9tape d\u00e9cisive du processus \u00e9lectoral.<\/p>\n<p>S\u2019engager comme assesseur, c\u2019est contribuer concr\u00e8tement \u00e0 la vie d\u00e9mocratique de son quartier et vivre de l\u2019int\u00e9rieur un temps fort de la citoyennet\u00e9. <\/p>\n<p>Comment candidater ?<\/p>\n<p>Pour candidater au r\u00f4le d&rsquo;assesseur dans un bureau de vote lors des scrutins, rien de plus simple, il suffit de se rendre sur <a href=\"https:\/\/demarches-montoulouse.eservices.toulouse-metropole.fr\/elections\/devenez-assesseur-d-un-bureau-de-vote\/\" rel=\"noopener noreferrer\" target=\"_blank\">ce lien<\/a> et de r\u00e9pondre aux diff\u00e9rentes questions.<\/p>\n<p>&gt;&gt; \u00c0 LIRE AUSSI : <a href=\"https:\/\/lopinion.com\/articles\/politique\/31872_municipales-2026-26-ans-pierre-laffont-mairie-pechbonnieu\" rel=\"noopener noreferrer\" target=\"_blank\">Municipales 2026 : \u00e0 26 ans, Pierre Laffont vise la mairie de Pechbonnieu<\/a><\/p>\n","protected":false},"excerpt":{"rendered":"\u00c0 l\u2019occasion des \u00e9lections municipales des 15 et 22 mars 2026, la mairie de Toulouse lance un appel&hellip;\n","protected":false},"author":2,"featured_media":666284,"comment_status":"","ping_status":"","sticky":false,"template":"","format":"standard","meta":{"footnotes":""},"categories":[2816],"tags":[1111,11,1777,674,1011,27,12,2680,25,2312],"class_list":{"0":"post-666283","1":"post","2":"type-post","3":"status-publish","4":"format-standard","5":"has-post-thumbnail","7":"category-toulouse","8":"tag-actu","9":"tag-actualites","10":"tag-eu","11":"tag-europe","12":"tag-fr","13":"tag-france","14":"tag-news","15":"tag-occitanie","16":"tag-republique-francaise","17":"tag-toulouse"},"share_on_mastodon":{"url":"https:\/\/pubeurope.com\/@fr\/115901363951847716","error":""},"_links":{"self":[{"href":"https:\/\/www.europesays.com\/fr\/wp-json\/wp\/v2\/posts\/666283","targetHints":{"allow":["GET"]}}],"collection":[{"href":"https:\/\/www.europesays.com\/fr\/wp-json\/wp\/v2\/posts"}],"about":[{"href":"https:\/\/www.europesays.com\/fr\/wp-json\/wp\/v2\/types\/post"}],"author":[{"embeddable":true,"href":"https:\/\/www.europesays.com\/fr\/wp-json\/wp\/v2\/users\/2"}],"replies":[{"embeddable":true,"href":"https:\/\/www.europesays.com\/fr\/wp-json\/wp\/v2\/comments?post=666283"}],"version-history":[{"count":0,"href":"https:\/\/www.europesays.com\/fr\/wp-json\/wp\/v2\/posts\/666283\/revisions"}],"wp:featuredmedia":[{"embeddable":true,"href":"https:\/\/www.europesays.com\/fr\/wp-json\/wp\/v2\/media\/666284"}],"wp:attachment":[{"href":"https:\/\/www.europesays.com\/fr\/wp-json\/wp\/v2\/media?parent=666283"}],"wp:term":[{"taxonomy":"category","embeddable":true,"href":"https:\/\/www.europesays.com\/fr\/wp-json\/wp\/v2\/categories?post=666283"},{"taxonomy":"post_tag","embeddable":true,"href":"https:\/\/www.europesays.com\/fr\/wp-json\/wp\/v2\/tags?post=666283"}],"curies":[{"name":"wp","href":"https:\/\/api.w.org\/{rel}","templated":true}]}}