{"id":66629,"date":"2025-05-01T10:05:08","date_gmt":"2025-05-01T10:05:08","guid":{"rendered":"https:\/\/www.europesays.com\/fr\/66629\/"},"modified":"2025-05-01T10:05:08","modified_gmt":"2025-05-01T10:05:08","slug":"declin-alarmant-du-nombre-dinsectes","status":"publish","type":"post","link":"https:\/\/www.europesays.com\/fr\/66629\/","title":{"rendered":"d\u00e9clin \u00abalarmant\u00bb du nombre d&rsquo;insectes"},"content":{"rendered":"<p>Les causes sont \u00abmultiples\u00bb, allant de la perte d\u2019habitats \u00e0 la pollution du sol et de l\u2019eau, l\u2019usage de pesticides et d\u2019herbicides ou encore le changement climatique.<\/p>\n<p class=\"fig-paragraph\">Le<a href=\"https:\/\/www.lefigaro.fr\/sciences\/2018\/07\/02\/01008-20180702ARTFIG00289-l-eclairage-accelere-t-il-le-declin-des-insectes.php\" data-fig-type=\"Article\" data-gtm-custom-categorie=\"navigation\" data-gtm-custom-action=\"crossclick\" data-gtm-custom-label=\"Contextuel\" data-gtm-event=\"customEventSPE\" data-fig-domain=\"LEFIGARO\" rel=\"nofollow noopener\" target=\"_blank\">\u00a0d\u00e9clin \u00abalarmant\u00bb des insectes<\/a>\u00a0\u00e0 travers le Royaume-Uni se confirme avec la publication mercredi des r\u00e9sultats d&rsquo;un recensement participatif, qui comptabilise le nombre de ces petites b\u00eates retrouv\u00e9es \u00e9cras\u00e9es sur les plaques d&rsquo;immatriculation des v\u00e9hicules. Les plus de 9500 volontaires de cette \u00e9tude, organis\u00e9e par deux associations et baptis\u00e9e\u00a0<a href=\"https:\/\/www.buglife.org.uk\/get-involved\/surveys\/bugs-matter\/\" target=\"_blank\" rel=\"nofollow noopener\" data-gtm-custom-categorie=\"navigation\" data-gtm-custom-action=\"crossclick\" data-gtm-custom-label=\"Contextuel\" data-gtm-event=\"customEventSPE\">Bugs Matter\u00a0<\/a>(\u00abLes insectes sont importants\u00bb), ont constat\u00e9 une baisse de 63% du nombre d&rsquo;insectes retrouv\u00e9s sur leurs plaques d&rsquo;immatriculation entre 2021 et 2024. Cela illustre la moindre pr\u00e9sence d&rsquo;insectes dans l&rsquo;environnement, et ce d\u00e9clin \u00absur une si courte p\u00e9riode de temps est vraiment alarmant\u00bb, s&rsquo;inqui\u00e8te Lawrence Ball du Kent Wildlife Trust, un des organisateurs. \u00abUne telle tendance (&#8230;)<a href=\"https:\/\/www.lefigaro.fr\/actualite-france\/2019\/02\/11\/01016-20190211ARTFIG00262-les-insectes-menaces-d-extinction-d-ici-quelques-dizaines-d-annees.php\" target=\"_blank\" data-fig-type=\"Article\" rel=\"noopener nofollow\" data-gtm-custom-categorie=\"navigation\" data-gtm-custom-action=\"crossclick\" data-gtm-custom-label=\"Contextuel\" data-gtm-event=\"customEventSPE\" data-fig-domain=\"LEFIGARO\">\u00a0a \u00e9galement \u00e9t\u00e9 constat\u00e9e par beaucoup d&rsquo;autres \u00e9tudes<\/a> \u00a0scientifiques ailleurs dans le monde\u00bb, souligne le rapport.<\/p>\n<p class=\"fig-paragraph\">Les causes sont \u00abmultiples\u00bb, allant de la perte d&rsquo;habitats \u00e0 la pollution du sol et de l&rsquo;eau, l&rsquo;usage de pesticides et d&rsquo;herbicides, ou encore le changement climatique, d\u00e9taille-t-il. En ce qui concerne le Royaume-Uni, le rapport \u00e9voque l&rsquo;impact des \u00e9pisodes climatiques extr\u00eames qu&rsquo;a connu le pays en 2022 et 2023, et qui ont accentu\u00e9 un d\u00e9clin de long terme. Sur la derni\u00e8re ann\u00e9e la baisse s&rsquo;est toutefois tass\u00e9e, \u00e0 -8%, apr\u00e8s -44% en 2023 et -28% en 2022.<\/p>\n<p class=\"fig-body-link\">\n            \u00c0 lire aussi<br \/>\n        <a class=\"fig-body-link__link fig-premium-mark\" href=\"http:\/\/www.lefigaro.fr\/sciences\/les-effets-se-font-deja-ressentir-en-agriculture-des-chercheurs-evaluent-l-impact-de-plus-de-1000-molecules-chimiques-sur-les-insectes-20241024\" target=\"_blank\" data-fig-type=\"Article\" rel=\"noopener nofollow\" data-gtm-custom-categorie=\"navigation\" data-gtm-custom-action=\"crossclick\" data-gtm-custom-label=\"Contextuel\" data-gtm-event=\"customEventSPE\" data-fig-domain=\"LEFIGARO\">\u00abLes effets se font d\u00e9j\u00e0 ressentir en agriculture\u00bb\u00a0: des chercheurs \u00e9valuent l\u2019impact de plus de 1000 mol\u00e9cules chimiques sur les insectes<br \/>\n    <\/a>\n<\/p>\n<p>Effondrement \u00e9cologique<\/p>\n<p class=\"fig-paragraph\">Pour fournir ces r\u00e9sultats, les volontaires ont effectu\u00e9 plus de 25.600 trajets, soit 761.000 kilom\u00e8tres, depuis 2021. \u00c0 chaque trajet, ils sont g\u00e9olocalis\u00e9s par une application t\u00e9l\u00e9phonique d\u00e9di\u00e9e, \u00e0 laquelle ils envoient une photo de leur plaque d&rsquo;immatriculation et le nombre d&rsquo;insectes \u00e9cras\u00e9s dessus. Les cons\u00e9quences de ce d\u00e9clin sont \u00abpotentiellement d&rsquo;une port\u00e9e consid\u00e9rable\u00bb pour l&rsquo;environnement et la biodiversit\u00e9, pr\u00e9vient Sandre Whitehorse, de l&rsquo;association Bugle, appelant \u00e0 \u00abtenir compte des signes avant-coureurs de l&rsquo;effondrement \u00e9cologique et \u00e0 prendre des mesures urgentes pour restaurer la nature\u00bb.<\/p>\n<p class=\"fig-paragraph\">La campagne 2025 d\u00e9butera le 1er mai et s&rsquo;ach\u00e8vera le 30 septembre, se d\u00e9ployant \u00e9galement pour la premi\u00e8re fois en R\u00e9publique d&rsquo;Irlande. Au Royaume-Uni, d&rsquo;autres campagnes de recensement participatif, visant notamment \u00e0 compter le nombre de papillons, ont enregistr\u00e9 des r\u00e9sultats similaires, alimentant l&rsquo;\u00e9tat des connaissances sur l&rsquo;\u00e9tat de la biodiversit\u00e9 dans le pays.<\/p>\n","protected":false},"excerpt":{"rendered":"Les causes sont \u00abmultiples\u00bb, allant de la perte d\u2019habitats \u00e0 la pollution du sol et de l\u2019eau, l\u2019usage&hellip;\n","protected":false},"author":2,"featured_media":66630,"comment_status":"","ping_status":"","sticky":false,"template":"","format":"standard","meta":{"footnotes":""},"categories":[1588],"tags":[47,49,11,48,51,1777,674,54,16705,12,52,473,1853,41,50,1851,1850,1852,53],"class_list":{"0":"post-66629","1":"post","2":"type-post","3":"status-publish","4":"format-standard","5":"has-post-thumbnail","7":"category-royaume-uni","8":"tag-actualite","9":"tag-actualite-scientifique","10":"tag-actualites","11":"tag-astronomie","12":"tag-ecologie","13":"tag-eu","14":"tag-europe","15":"tag-faune-et-flore","16":"tag-insecte","17":"tag-news","18":"tag-planete","19":"tag-royaume-uni","20":"tag-royaume-uni-de-grande-bretagne-et-dirlande-du-nord","21":"tag-sciences","22":"tag-sciences-humaines","23":"tag-uk","24":"tag-united-kingdom","25":"tag-united-kingdom-of-great-britain-and-northern-ireland","26":"tag-zoologie"},"share_on_mastodon":{"url":"https:\/\/pubeurope.com\/@fr\/114432017911857479","error":""},"_links":{"self":[{"href":"https:\/\/www.europesays.com\/fr\/wp-json\/wp\/v2\/posts\/66629","targetHints":{"allow":["GET"]}}],"collection":[{"href":"https:\/\/www.europesays.com\/fr\/wp-json\/wp\/v2\/posts"}],"about":[{"href":"https:\/\/www.europesays.com\/fr\/wp-json\/wp\/v2\/types\/post"}],"author":[{"embeddable":true,"href":"https:\/\/www.europesays.com\/fr\/wp-json\/wp\/v2\/users\/2"}],"replies":[{"embeddable":true,"href":"https:\/\/www.europesays.com\/fr\/wp-json\/wp\/v2\/comments?post=66629"}],"version-history":[{"count":0,"href":"https:\/\/www.europesays.com\/fr\/wp-json\/wp\/v2\/posts\/66629\/revisions"}],"wp:featuredmedia":[{"embeddable":true,"href":"https:\/\/www.europesays.com\/fr\/wp-json\/wp\/v2\/media\/66630"}],"wp:attachment":[{"href":"https:\/\/www.europesays.com\/fr\/wp-json\/wp\/v2\/media?parent=66629"}],"wp:term":[{"taxonomy":"category","embeddable":true,"href":"https:\/\/www.europesays.com\/fr\/wp-json\/wp\/v2\/categories?post=66629"},{"taxonomy":"post_tag","embeddable":true,"href":"https:\/\/www.europesays.com\/fr\/wp-json\/wp\/v2\/tags?post=66629"}],"curies":[{"name":"wp","href":"https:\/\/api.w.org\/{rel}","templated":true}]}}