{"id":666300,"date":"2026-01-15T22:08:13","date_gmt":"2026-01-15T22:08:13","guid":{"rendered":"https:\/\/www.europesays.com\/fr\/666300\/"},"modified":"2026-01-15T22:08:13","modified_gmt":"2026-01-15T22:08:13","slug":"voici-les-nouveaux-jingles-que-vous-entendrez-sur-les-quais-ratp-et-sncf-en-ile-de-france","status":"publish","type":"post","link":"https:\/\/www.europesays.com\/fr\/666300\/","title":{"rendered":"Voici les nouveaux jingles que vous entendrez sur les quais RATP et SNCF en \u00cele-de-France"},"content":{"rendered":"<p>        <img decoding=\"async\" loading=\"lazy\" src=\"https:\/\/www.europesays.com\/fr\/wp-content\/uploads\/2026\/01\/0648b58_upload-1-dudwujvichme-afp-20241227-hl-smouchmouche-2616495-v1-highres-franceparistransportsm.jpeg\"  width=\"728\" height=\"409\" alt=\"Le nouveau jingle d\u00e9voil\u00e9 par \u00cele-de-France Mobilit\u00e9s fera son appariion sur toutes les lignes d\u2019ici la mi-2026.\"\/>  <\/p>\n<p>STEPHANE MOUCHMOUCHE \/ Hans Lucas via AFP<\/p>\n<p>Le nouveau jingle d\u00e9voil\u00e9 par \u00cele-de-France Mobilit\u00e9s fera son appariion sur toutes les lignes d\u2019ici la mi-2026.<\/p>\n<p class=\"asset asset-text\">Petit changement dans le quotidien des usagers des trains et m\u00e9tros d\u2019\u00cele-de-France. Les jingles de la RATP et de la SNCF vont \u00eatre remplac\u00e9s. C\u2019est une seule et m\u00eame m\u00e9lodie qui retentira dans les couloirs et sur les quais des gares, a annonc\u00e9 \u00cele-de-France Mobilit\u00e9s (IDFM) mercredi 14\u00a0janvier.<\/p>\n<p class=\"asset asset-text\">Ces six notes, jou\u00e9es au vibraphone, au piano et au marimba, viennent d\u2019un travail du compositeur Arnaud Biscay et du producteur Jean Dindinaud de la soci\u00e9t\u00e9 de production Chez Jean. Ils expliquent dans une <a href=\"https:\/\/www.youtube.com\/watch?time_continue=133&amp;v=PbUZJG3oHEY&amp;embeds_referring_euri=https%3A%2F%2Fwww.leparisien.fr%2F&amp;source_ve_path=MjM4NTE\" target=\"_blank\" rel=\"noopener\" title=\"Nouvelle fen\u00eatre\">vid\u00e9o<\/a> que le jingle a \u00e9t\u00e9 pens\u00e9 en trois parties\u00a0: \u00ab\u00a0le mouvement, qui est un crescendo et des percussions\u00a0\u00bb et \u00ab\u00a0un bruit de pas\u00a0\u00bb, suivi du \u00ab\u00a0jingle, la m\u00e9lodie, qui est la v\u00e9ritable identit\u00e9, le jingle qui va rester dans la t\u00eate\u00a0\u00bb, et pour terminer \u00ab\u00a0un accord qui ouvre au d\u00e9placement et au voyage\u00a0\u00bb.<\/p>\n<p class=\"asset asset-text\">Pour eux, \u00ab\u00a0composer une musique qui va \u00eatre \u00e9cout\u00e9e par des millions d\u2019utilisateurs des transports en commun, c\u2019est une belle aventure\u00a0\u00bb. L\u2019objectif \u00e9tant que \u00ab\u00a0tout le monde puisse se reconna\u00eetre dans cette m\u00e9lodie\u00a0\u00bb.<\/p>\n<p> La lecture de ce contenu est susceptible d\u2019entra\u00eener un d\u00e9p\u00f4t de cookies de la part de l\u2019op\u00e9rateur tiers qui l\u2019h\u00e9berge. Compte-tenu des choix que vous avez exprim\u00e9s en mati\u00e8re de d\u00e9p\u00f4t de cookies, nous avons bloqu\u00e9 l\u2019affichage de ce contenu. Si vous souhaitez y acc\u00e9der, vous devez accepter la cat\u00e9gorie de cookies \u201cContenus tiers\u201d en cliquant sur le bouton ci-dessous. <\/p>\n<p> Lire la Vid\u00e9o        <\/p>\n<p class=\"asset asset-text\">\u00ab\u00a0Vous venez d\u2019entendre notre nouvelle identit\u00e9 sonore\u00a0: fluide, agr\u00e9able, chaleureuse. Car \u00e0 partir du moment o\u00f9 le r\u00e9seau est ouvert \u00e0 la concurrence, il est n\u00e9cessaire d\u2019unifier le parcours\u00a0\u00bb, a pour sa part comment\u00e9 la pr\u00e9sidente de la r\u00e9gion et d\u2019IDFM Val\u00e9rie P\u00e9cresse lors de ses v\u0153ux de la nouvelle ann\u00e9e, rapporte <a href=\"https:\/\/www.leparisien.fr\/info-paris-ile-de-france-oise\/transports\/decouvrez-le-nouveau-jingle-sonore-qui-sera-deploye-dans-les-transports-franciliens-14-01-2026-KZNTJUJZ4RC7NPXIYGYSVPIPS4.php\" target=\"_blank\" rel=\"noopener\" title=\"Nouvelle fen\u00eatre\">Le Parisien<\/a>.<\/p>\n<p class=\"asset asset-text\">Sur les r\u00e9seaux sociaux chacun y va de son commentaire. Tandis que certains affirment, taquins, que cela ne changera rien puisqu\u2019\u00ab\u00a0on ne l\u2019entend pas\u00a0\u00bb, d\u2019autres y voient le son du \u00ab\u00a0d\u00e9marrage Windows\u00a0\u00bb. Ce nouveau sonore fera son apparition sur toutes les lignes de bus, m\u00e9tros, RER et Transiliens d\u2019ici la mi-2026. Quelques lignes en seront \u00e9quip\u00e9es dans les prochains jours, rapporte <a href=\"https:\/\/actu.fr\/ile-de-france\/paris_75056\/ecoutez-les-notes-du-nouveau-jingle-qui-resonneront-dans-tous-les-transports-d-ile-de-france_63701198.html\" target=\"_blank\" rel=\"noopener\" title=\"Nouvelle fen\u00eatre\">Actu Paris<\/a>.<\/p>\n","protected":false},"excerpt":{"rendered":"STEPHANE MOUCHMOUCHE \/ Hans Lucas via AFP Le nouveau jingle d\u00e9voil\u00e9 par \u00cele-de-France Mobilit\u00e9s fera son appariion sur&hellip;\n","protected":false},"author":2,"featured_media":666301,"comment_status":"","ping_status":"","sticky":false,"template":"","format":"standard","meta":{"footnotes":""},"categories":[1592],"tags":[1111,11,1777,674,1011,27,662,12,626,625,25,2215,2803],"class_list":{"0":"post-666300","1":"post","2":"type-post","3":"status-publish","4":"format-standard","5":"has-post-thumbnail","7":"category-ile-de-france","8":"tag-actu","9":"tag-actualites","10":"tag-eu","11":"tag-europe","12":"tag-fr","13":"tag-france","14":"tag-ile-de-france","15":"tag-news","16":"tag-paris","17":"tag-ratp","18":"tag-republique-francaise","19":"tag-sncf","20":"tag-transport"},"share_on_mastodon":{"url":"https:\/\/pubeurope.com\/@fr\/115901399315346476","error":""},"_links":{"self":[{"href":"https:\/\/www.europesays.com\/fr\/wp-json\/wp\/v2\/posts\/666300","targetHints":{"allow":["GET"]}}],"collection":[{"href":"https:\/\/www.europesays.com\/fr\/wp-json\/wp\/v2\/posts"}],"about":[{"href":"https:\/\/www.europesays.com\/fr\/wp-json\/wp\/v2\/types\/post"}],"author":[{"embeddable":true,"href":"https:\/\/www.europesays.com\/fr\/wp-json\/wp\/v2\/users\/2"}],"replies":[{"embeddable":true,"href":"https:\/\/www.europesays.com\/fr\/wp-json\/wp\/v2\/comments?post=666300"}],"version-history":[{"count":0,"href":"https:\/\/www.europesays.com\/fr\/wp-json\/wp\/v2\/posts\/666300\/revisions"}],"wp:featuredmedia":[{"embeddable":true,"href":"https:\/\/www.europesays.com\/fr\/wp-json\/wp\/v2\/media\/666301"}],"wp:attachment":[{"href":"https:\/\/www.europesays.com\/fr\/wp-json\/wp\/v2\/media?parent=666300"}],"wp:term":[{"taxonomy":"category","embeddable":true,"href":"https:\/\/www.europesays.com\/fr\/wp-json\/wp\/v2\/categories?post=666300"},{"taxonomy":"post_tag","embeddable":true,"href":"https:\/\/www.europesays.com\/fr\/wp-json\/wp\/v2\/tags?post=666300"}],"curies":[{"name":"wp","href":"https:\/\/api.w.org\/{rel}","templated":true}]}}