{"id":666320,"date":"2026-01-15T22:19:12","date_gmt":"2026-01-15T22:19:12","guid":{"rendered":"https:\/\/www.europesays.com\/fr\/666320\/"},"modified":"2026-01-15T22:19:12","modified_gmt":"2026-01-15T22:19:12","slug":"saliba-se-loupe-a-la-passe-kana-aurait-eu-deux-points-de-plus-sans-sa-faute-les-notes-des-mauves-apres-la-victoire-contre-gand","status":"publish","type":"post","link":"https:\/\/www.europesays.com\/fr\/666320\/","title":{"rendered":"Saliba se loupe \u00e0 la passe, Kana aurait eu deux points de plus sans sa faute: les notes des Mauves apr\u00e8s la victoire contre Gand"},"content":{"rendered":"<p class=\"ap-StoryElement ap-StoryElement--mb ap-StoryText\"><b>Augustinsson 6,5<\/b> Quelques fautes de d\u00e9fenseur exp\u00e9riment\u00e9 et des interventions qui font du bien. Il confirme \u00eatre le choix num\u00e9ro 1 au backgauche.<\/p>\n<p><a href=\"https:\/\/www.dhnet.be\/sports\/football\/division-1a\/anderlecht\/2026\/01\/15\/anderlecht-avec-son-meilleur-11-de-base-et-des-retours-de-blessure-voici-les-compositions-probables-danderlecht-la-gantoise-en-croky-cup-LSVIOPL4W5AQTNQR7VRUAGBN5M\/\" target=\"_self\" class=\"ap-StoryInterstitialLink ap-StoryElement ap-StoryElement--mb\" rel=\"noopener\">Croky Cup : Anderlecht se fait peur jusqu&rsquo;au bout face \u00e0 Gand mais se qualifie pour les demi-finales (1-0)<\/a><\/p>\n<p class=\"ap-StoryElement ap-StoryElement--mb ap-StoryText\"><b>De Cat 6,5<\/b> Il a boss\u00e9 dur et a mis des galettes \u00e0 50 m\u00e8tres sans effort. Il donne l&rsquo;impression de ne pas faire grand-chose mais estsouvent pr\u00e9sent aux abords des deux rectangles. Pas super adroit \u00e0 la frappe.<\/p>\n<p class=\"ap-StoryElement ap-StoryElement--mb ap-StoryText\"><b>Saliba 5<\/b> Il avait oubli\u00e9 d&rsquo;ajuster la mire sur ses passes. Il a eu beaucoup de d\u00e9chet dont des passes dangereuses plein axe. Il aboss\u00e9 dur tout le match. Sa frappe sur le poteau m\u00e9ritait mieux.<\/p>\n<p class=\"ap-StoryElement ap-StoryElement--mb ap-StoryText\"><b>Degreef 6,5 <\/b>Il fait le geste intelligent pour provoquer le penalty. Son d\u00e9but de match \u00e9tait moyen mais il a grandi au long de la partie.Hasi \u00e9tait content de sa rencontre.<\/p>\n<p class=\"ap-StoryElement ap-StoryElement--mb ap-StoryText\"><b>Hazard 6<\/b> Le sang-froid d&rsquo;un patron pour tirer le penalty. Il semblait \u00e9nerv\u00e9 que le match ne se d\u00e9roule pas comme il l&rsquo;esp\u00e9rait. Bertaccinia souvent mal compris ses appels mais il n&rsquo;a pas arr\u00eat\u00e9 de proposer des courses.<\/p>\n<p class=\"ap-StoryElement ap-StoryElement--mb ap-StoryText\"><b>Angulo 4<\/b> L&rsquo;id\u00e9e est souvent l\u00e0, le premier geste aussi mais a-t-il \u00e9t\u00e9 vraiment dangereux\u200a? Non. C&rsquo;est l\u00e0 tout le probl\u00e8me d&rsquo;Angulodans ce genre de match. Sa deuxi\u00e8me jaune est inutile. Sa suspension va faire mal en demi-finale.<\/p>\n<p class=\"ap-StoryElement ap-StoryElement--mb ap-StoryText\"><b>Bertaccini 7<\/b> Il a \u00e9t\u00e9 \u00e0 la base de la plupart des bonnes possibilit\u00e9s. Souvent comme passeur. Et souvent en r\u00e9cup\u00e9rant le ballon tr\u00e8shaut. Il doit se laisser tomber ou marquer lors de son face-\u00e0-face avec Roef en d\u00e9but de match. Il \u00e9tait moins bien en deuxi\u00e8memi-temps.<\/p>\n<p class=\"ap-StoryElement ap-StoryElement--mb ap-StoryText\"><b>Verschaeren 6<\/b> Quelques tentatives de cr\u00e9er du danger sans \u00eatre tranchant.<\/p>\n<p class=\"ap-StoryElement ap-StoryElement--mb ap-StoryText\"><b>Hasi 6<\/b> Son \u00e9quipe a eu du mal \u00e0 dominer avant la pause mais il a su faire les modifications n\u00e9cessaires pour la deuxi\u00e8me partiede rencontre. Il a surpris tout le monde en lan\u00e7ant Ilic en fin de match mais le Serbe a fait le taf.<\/p>\n","protected":false},"excerpt":{"rendered":"Augustinsson 6,5 Quelques fautes de d\u00e9fenseur exp\u00e9riment\u00e9 et des interventions qui font du bien. Il confirme \u00eatre le&hellip;\n","protected":false},"author":2,"featured_media":666321,"comment_status":"","ping_status":"","sticky":false,"template":"","format":"standard","meta":{"footnotes":""},"categories":[1586],"tags":[76665,17,11,24402,5244,1777,674,1779,2257,63,1011,27,76666,76667,17564,8346,17566,76668,76669,76670,11808,55004,955,8348,12,8349,8350,55009,2311,25,55010,8355,8359,517,8360,1778,364,8363,8364],"class_list":{"0":"post-666320","1":"post","2":"type-post","3":"status-publish","4":"format-standard","5":"has-post-thumbnail","7":"category-europe","8":"tag-david-hagemann","9":"tag-17","10":"tag-actualites","11":"tag-anderlecht","12":"tag-club","13":"tag-eu","14":"tag-europe","15":"tag-european-union","16":"tag-foot","17":"tag-football","18":"tag-fr","19":"tag-france","20":"tag-genk","21":"tag-genkies","22":"tag-jupiler","23":"tag-jupiler-pro-league","24":"tag-koninklijke","25":"tag-krc","26":"tag-krc-genk","27":"tag-krcg","28":"tag-league","29":"tag-les-mauves","30":"tag-match","31":"tag-mauves","32":"tag-news","33":"tag-paars","34":"tag-paarswit","35":"tag-r-s-c-a","36":"tag-racing","37":"tag-republique-francaise","38":"tag-rsc","39":"tag-rsca","40":"tag-soccer","41":"tag-sport","42":"tag-sporting","43":"tag-ue","44":"tag-union-europeenne","45":"tag-voetbal","46":"tag-wedstrijd"},"share_on_mastodon":{"url":"","error":"Validation failed: Text character limit of 500 exceeded"},"_links":{"self":[{"href":"https:\/\/www.europesays.com\/fr\/wp-json\/wp\/v2\/posts\/666320","targetHints":{"allow":["GET"]}}],"collection":[{"href":"https:\/\/www.europesays.com\/fr\/wp-json\/wp\/v2\/posts"}],"about":[{"href":"https:\/\/www.europesays.com\/fr\/wp-json\/wp\/v2\/types\/post"}],"author":[{"embeddable":true,"href":"https:\/\/www.europesays.com\/fr\/wp-json\/wp\/v2\/users\/2"}],"replies":[{"embeddable":true,"href":"https:\/\/www.europesays.com\/fr\/wp-json\/wp\/v2\/comments?post=666320"}],"version-history":[{"count":0,"href":"https:\/\/www.europesays.com\/fr\/wp-json\/wp\/v2\/posts\/666320\/revisions"}],"wp:featuredmedia":[{"embeddable":true,"href":"https:\/\/www.europesays.com\/fr\/wp-json\/wp\/v2\/media\/666321"}],"wp:attachment":[{"href":"https:\/\/www.europesays.com\/fr\/wp-json\/wp\/v2\/media?parent=666320"}],"wp:term":[{"taxonomy":"category","embeddable":true,"href":"https:\/\/www.europesays.com\/fr\/wp-json\/wp\/v2\/categories?post=666320"},{"taxonomy":"post_tag","embeddable":true,"href":"https:\/\/www.europesays.com\/fr\/wp-json\/wp\/v2\/tags?post=666320"}],"curies":[{"name":"wp","href":"https:\/\/api.w.org\/{rel}","templated":true}]}}