{"id":666352,"date":"2026-01-15T22:42:09","date_gmt":"2026-01-15T22:42:09","guid":{"rendered":"https:\/\/www.europesays.com\/fr\/666352\/"},"modified":"2026-01-15T22:42:09","modified_gmt":"2026-01-15T22:42:09","slug":"pourquoi-de-plus-en-plus-de-retraites-laissent-un-simple-verre-deau-pres-du-radiateur-cet-hiver-et-ce-quils-ont-constate-journal-des-seniors","status":"publish","type":"post","link":"https:\/\/www.europesays.com\/fr\/666352\/","title":{"rendered":"Pourquoi de plus en plus de retrait\u00e9s laissent un simple verre d&#039;eau pr\u00e8s du radiateur cet hiver (et ce qu&#039;ils ont constat\u00e9) &#8211; Journal des seniors"},"content":{"rendered":"<ol>\n<li><a href=\"https:\/\/news.google.com\/rss\/articles\/CBMi_gFBVV95cUxPTDBEMjZIdVA4Qk9mRVNOLUFvOTZzTHd0Mkxqc3ZSbExSQ3gzS2hfSTFPSjZ5VE1HNkpJbGJjdEQxMTVLSl9RZUtDc1ZEUHpBLW5HbmlkdVo0dmZuSklNLWtiQzZwTDBQeDkza1pTM1IwNVgzVVNndmYwVHRNdXJzYVFXYlRGeExqcTVzUXVCWDNnaDBwdUF3eFF2bzBSVUJNQTRRYXBWZFEyREhCcjlOdENLUU50b2lEeGhjeDY3Um50NjJmNVB4djZ1U0g1eXo4NnMxTG9Wb1p3Uno5QkY0VWNRZHFvOGZpaHdKVmVPSVp3T0ZfeTc5LXVmNTJfUQ?oc=5\" target=\"_blank\" rel=\"noopener\">Pourquoi de plus en plus de retrait\u00e9s laissent un simple verre d&rsquo;eau pr\u00e8s du radiateur cet hiver (et ce qu&rsquo;ils ont constat\u00e9)<\/a>&nbsp;&nbsp;Journal des seniors<\/li>\n<li><a href=\"https:\/\/news.google.com\/rss\/articles\/CBMiyAFBVV95cUxOUC10NGhwUWVDam44akFERS1jb0U2d3NuLXphd29QcXZCWUd1SnJJbXlZck1seE9FTTZNWjg5MWNJckh0eGZXU0lCQzl6ZUMxaDRWMnZwS0NlemlhMFU2SXl6aVdSUjhLdGx6QTliaDBxWWd5bUg3ZUdWcnlQRzAxblRZT1hPcUttM3BEOURsU3BiQmlPMkFYT0dSTDhKZVpueURielIyeTNIeWpFbk5nODg3dXdPWmk1SkhZMVVPck5EQk5PdUVKcw?oc=5\" target=\"_blank\" rel=\"noopener\">Chauffage : fermer ses volets \u00e0 cette heure pr\u00e9cise permet de faire des \u00e9conomies d\u2019\u00e9nergie<\/a>&nbsp;&nbsp;Le Figaro<\/li>\n<li><a href=\"https:\/\/news.google.com\/rss\/articles\/CBMipgFBVV95cUxQb0tMU243bHN4OXFfQS1kdkUzVGNZV1BXMldza2dyWFFiYkJBcnptdUVNU3hqLUNxeXhBdS1yMDAzT3haWmFuMEowMTdQT1BoU0VkY0lPRVNQSE1VaGwwUXYxVWFiUVJURHp2cGdWalhiOUo4bDYyR2Z6Y1ZzU1YwbFpSVWd5NHU3TzF1bUVUd0Y3bjgwRW5wSllmaGNpS29GYm1DM2JR?oc=5\" target=\"_blank\" rel=\"noopener\">Chauffage : l\u2019astuce du sac sous le radiateur envahit la France\u2026 et elle dit beaucoup de notre hiver 2026<\/a>&nbsp;&nbsp;letribunaldunet<\/li>\n<li><a href=\"https:\/\/news.google.com\/rss\/articles\/CBMixwFBVV95cUxOakkwVnBSUEhHYzlmWUVtMWM5b3FaRF9oNzFiaHlKUDN4N2VlN3RoN211OW1zdTdQUU9OcGZkdkY2TlNTY1QtdzR2XzB0Mm9ONGNRZVNsaHNJOHhLYV9fT3RZX3lhTnJnSDFmT1NmVjJKNnRHM3FYSmI4U2RyQ3dVRjhmMmZuS0RPdUxwZHJCczZXRTJCd29QU3picDNlelpjdDNuR3k4dTJ6aVNJajVxeVhjZG5EN0I0TGVadHN4eFIwX2xhbEh3?oc=5\" target=\"_blank\" rel=\"noopener\">Doit-on baisser son chauffage la nuit pour faire des \u00e9conomies ?<\/a>&nbsp;&nbsp;francebleu.fr<\/li>\n<li><a href=\"https:\/\/news.google.com\/rss\/articles\/CBMiwwFBVV95cUxOWFdNRU5tOVFqYV9lSGFIMFc4ZEVlQ3lPTnlrcHFnOGZNcmNCLTNLUVFlcE5OMWxrR0lReEVXOTVpMnJ1U3ZlZzVCNWZEa28wVk13T3RBMnB4eUJ5N29peUhuV3RLd2ZVUmtGbF9tRlprXzJPUldmUG90YVlvVEFUbUpvVDdzdzBIT3Z4bEtLYkpwbm9NZENicHJFNTdTVVRwaEFBWEUxanN2RDRnQTMtUmhkOEh6a2JOYjB3N1libzdvNWM?oc=5\" target=\"_blank\" rel=\"noopener\">Chauffage nocturne : pourquoi l\u2019\u00e9teindre n\u2019est pas toujours une bonne id\u00e9e<\/a>&nbsp;&nbsp;SeLoger<\/li>\n<\/ol>\n","protected":false},"excerpt":{"rendered":"Pourquoi de plus en plus de retrait\u00e9s laissent un simple verre d&rsquo;eau pr\u00e8s du radiateur cet hiver (et&hellip;\n","protected":false},"author":2,"featured_media":395849,"comment_status":"","ping_status":"","sticky":false,"template":"","format":"standard","meta":{"footnotes":""},"categories":[6],"tags":[35,33,34,1011,27],"class_list":{"0":"post-666352","1":"post","2":"type-post","3":"status-publish","4":"format-standard","5":"has-post-thumbnail","7":"category-economie","8":"tag-business","9":"tag-economie","10":"tag-economy","11":"tag-fr","12":"tag-france"},"share_on_mastodon":{"url":"https:\/\/pubeurope.com\/@fr\/115901533029742463","error":""},"_links":{"self":[{"href":"https:\/\/www.europesays.com\/fr\/wp-json\/wp\/v2\/posts\/666352","targetHints":{"allow":["GET"]}}],"collection":[{"href":"https:\/\/www.europesays.com\/fr\/wp-json\/wp\/v2\/posts"}],"about":[{"href":"https:\/\/www.europesays.com\/fr\/wp-json\/wp\/v2\/types\/post"}],"author":[{"embeddable":true,"href":"https:\/\/www.europesays.com\/fr\/wp-json\/wp\/v2\/users\/2"}],"replies":[{"embeddable":true,"href":"https:\/\/www.europesays.com\/fr\/wp-json\/wp\/v2\/comments?post=666352"}],"version-history":[{"count":0,"href":"https:\/\/www.europesays.com\/fr\/wp-json\/wp\/v2\/posts\/666352\/revisions"}],"wp:featuredmedia":[{"embeddable":true,"href":"https:\/\/www.europesays.com\/fr\/wp-json\/wp\/v2\/media\/395849"}],"wp:attachment":[{"href":"https:\/\/www.europesays.com\/fr\/wp-json\/wp\/v2\/media?parent=666352"}],"wp:term":[{"taxonomy":"category","embeddable":true,"href":"https:\/\/www.europesays.com\/fr\/wp-json\/wp\/v2\/categories?post=666352"},{"taxonomy":"post_tag","embeddable":true,"href":"https:\/\/www.europesays.com\/fr\/wp-json\/wp\/v2\/tags?post=666352"}],"curies":[{"name":"wp","href":"https:\/\/api.w.org\/{rel}","templated":true}]}}